{"id":11756,"date":"2025-02-28T23:05:53","date_gmt":"2025-02-28T23:05:53","guid":{"rendered":"https:\/\/propertyjournal.com.mx\/?p=11756"},"modified":"2025-02-28T23:05:54","modified_gmt":"2025-02-28T23:05:54","slug":"la-villa-olimpica-de-paris-2024-de-refugio-temporal-a-modelo-de-vivienda-sostenible","status":"publish","type":"post","link":"https:\/\/propertyjournal.com.mx\/en\/la-villa-olimpica-de-paris-2024-de-refugio-temporal-a-modelo-de-vivienda-sostenible\/","title":{"rendered":"The Paris 2024 Olympic Village: From Temporary Refuge to a Sustainable Housing Model"},"content":{"rendered":"<p>The transformation of the Paris 2024 Olympic Village has set a milestone in urban redevelopment. Unlike many Olympic villages that fall into abandonment, this development has evolved into a modern and sustainable residential complex.<\/p>\n\n\n\n<h3 class=\"wp-block-heading\" id=\"h-un-legado-arquitectonico-y-urbano\"><strong>An Architectural and Urban Legacy<\/strong><\/h3>\n\n\n\n<p>Almost a year after the Olympic Games, the Olympic Village, which hosted more than 6,000 athletes, has become a vibrant sustainable neighborhood. Similar to the Mexico 1968 Olympic Village, this project demonstrates how architecture can transcend the sporting event and leave a lasting impact on the city.<\/p>\n\n\n\n<p>Located in northern Paris, the complex spans 52 hectares and was designed with a dual function: first as temporary accommodation during the Games and then as an integrated urban development. With 80 buildings ranging from 4 to 15 stories high, it now houses over 6,000 residents and includes commercial, educational, and recreational spaces.<\/p>\n\n\n\n<h3 class=\"wp-block-heading\" id=\"h-diseno-innovador-y-tecnologia-bim\"><strong>Innovative Design and BIM Technology<\/strong><\/h3>\n\n\n\n<p>The transition from Olympic Village to a functional community was an architectural challenge. Seven architectural firms collaborated on its design using Archicad, an advanced BIM tool, to plan each phase. \"Archicad allowed us to seamlessly integrate both phases: the Olympic and the legacy phase,\" explains Alexis Charlot-Etienne, architect at CoBe Architecture &amp; Paysage.<\/p>\n\n\n\n<h3 class=\"wp-block-heading\" id=\"h-compromiso-con-la-sostenibilidad\"><strong>Commitment to Sustainability<\/strong><\/h3>\n\n\n\n<p>From its conception, the Olympic Village was designed under high energy efficiency standards. Its structure combines wood and low-carbon concrete, a method that has also been implemented in sustainable housing projects in Mexico. \"We have emphasized the use of visible wooden beams in the ceilings to give a warm and distinctive touch to the apartments,\" says Aur\u00e9lian Delchet, founder of Atelier Georges.<\/p>\n\n\n\n<p>The complex operates with 100% renewable energy, incorporating solar panels, water collection systems, air purifiers, and geothermal heating. This trend of sustainable housing has also gained traction in Mexico, with examples like Ciudad Universitaria and Parque La Mexicana.<\/p>\n\n\n\n<h3 class=\"wp-block-heading\" id=\"h-un-modelo-para-futuras-ciudades\"><strong>A Model for Future Cities<\/strong><\/h3>\n\n\n\n<p>The success of the Paris 2024 Olympic Village establishes a benchmark in sustainable urban development. Beyond sports, this project demonstrates that proper planning can transform temporary infrastructure into vibrant and functional communities, inspiring the future of cities in Mexico and around the world.<\/p>\n\n\n\n<p><strong>Discover more about this urban innovation in the following video:<\/strong> <\/p>\n\n\n\n<figure class=\"wp-block-embed is-type-video is-provider-youtube wp-block-embed-youtube wp-embed-aspect-16-9 wp-has-aspect-ratio\"><div class=\"wp-block-embed__wrapper\">\n<iframe title=\"Building Together for Paris Athletes\u2019 Village\" width=\"1200\" height=\"675\" src=\"https:\/\/www.youtube.com\/embed\/5YEV6ZlU_Xo?feature=oembed\" frameborder=\"0\" allow=\"accelerometer; autoplay; clipboard-write; encrypted-media; gyroscope; picture-in-picture; web-share\" referrerpolicy=\"strict-origin-when-cross-origin\" allowfullscreen><\/iframe>\n<\/div><\/figure>\n\n\n\n<hr class=\"wp-block-separator has-alpha-channel-opacity\"\/>\n\n\n\n<p><\/p>\n\n\n\n<p><strong>About Graphisoft<\/strong> <\/p>\n\n\n\n<p><a href=\"https:\/\/graphisoft.com\/mx\/\">Graphisoft\u00ae<\/a> empowers design teams with leading BIM solutions in the Architecture, Engineering, and Construction (AEC) industry. Its Archicad\u00ae software enables integrated workflows and real-time global collaboration, facilitating the creation of innovative and sustainable architecture.<\/p>","protected":false},"excerpt":{"rendered":"<p>La transformaci\u00f3n de la Villa Ol\u00edmpica de Par\u00eds 2024 ha marcado un hito en la reconversi\u00f3n urbana. A diferencia de muchas villas ol\u00edmpicas que caen en el abandono, este desarrollo ha evolucionado en un moderno y sostenible complejo residencial. Un legado arquitect\u00f3nico y urbano A casi un a\u00f1o de los Juegos Ol\u00edmpicos, la Villa Ol\u00edmpica, [&hellip;]<\/p>\n","protected":false},"author":3,"featured_media":11759,"comment_status":"open","ping_status":"open","sticky":false,"template":"","format":"standard","meta":{"_joinchat":[],"footnotes":""},"categories":[299],"tags":[],"class_list":["post-11756","post","type-post","status-publish","format-standard","has-post-thumbnail","hentry","category-arte-arquitectura"],"yoast_head":"<!-- This site is optimized with the Yoast SEO Premium plugin v20.8 (Yoast SEO v27.2) - https:\/\/yoast.com\/product\/yoast-seo-premium-wordpress\/ -->\n<title>La Villa Ol\u00edmpica de Par\u00eds 2024: De refugio temporal a modelo de vivienda sostenible - Property Journal<\/title>\n<meta name=\"description\" content=\"La Villa Ol\u00edmpica de Par\u00eds 2024 se transforma en un modelo de vivienda sostenible, redefiniendo la reconversi\u00f3n urbana. \u00a1Desc\u00fabrela!\" \/>\n<meta name=\"robots\" content=\"index, follow, max-snippet:-1, max-image-preview:large, max-video-preview:-1\" \/>\n<link rel=\"canonical\" href=\"https:\/\/propertyjournal.com.mx\/en\/la-villa-olimpica-de-paris-2024-de-refugio-temporal-a-modelo-de-vivienda-sostenible\/\" \/>\n<meta property=\"og:locale\" content=\"en_US\" \/>\n<meta property=\"og:type\" content=\"article\" \/>\n<meta property=\"og:title\" content=\"La Villa Ol\u00edmpica de Par\u00eds 2024: De refugio temporal a modelo de vivienda sostenible\" \/>\n<meta property=\"og:description\" content=\"La Villa Ol\u00edmpica de Par\u00eds 2024 se transforma en un modelo de vivienda sostenible, redefiniendo la reconversi\u00f3n urbana. \u00a1Desc\u00fabrela!\" \/>\n<meta property=\"og:url\" content=\"https:\/\/propertyjournal.com.mx\/en\/la-villa-olimpica-de-paris-2024-de-refugio-temporal-a-modelo-de-vivienda-sostenible\/\" \/>\n<meta property=\"og:site_name\" content=\"Property Journal\" \/>\n<meta property=\"article:publisher\" content=\"https:\/\/www.facebook.com\/propertyjournalmx\" \/>\n<meta property=\"article:published_time\" content=\"2025-02-28T23:05:53+00:00\" \/>\n<meta property=\"article:modified_time\" content=\"2025-02-28T23:05:54+00:00\" \/>\n<meta property=\"og:image\" content=\"https:\/\/propertyjournal.com.mx\/wp-content\/uploads\/2025\/02\/villa-olimpica-de-paris-2024-vivienda-sostenible-property-journal.jpg\" \/>\n\t<meta property=\"og:image:width\" content=\"1080\" \/>\n\t<meta property=\"og:image:height\" content=\"720\" \/>\n\t<meta property=\"og:image:type\" content=\"image\/jpeg\" \/>\n<meta name=\"author\" content=\"Property Journal\" \/>\n<meta name=\"twitter:card\" content=\"summary_large_image\" \/>\n<meta name=\"twitter:label1\" content=\"Written by\" \/>\n\t<meta name=\"twitter:data1\" content=\"Property Journal\" \/>\n\t<meta name=\"twitter:label2\" content=\"Est. reading time\" \/>\n\t<meta name=\"twitter:data2\" content=\"2 minutes\" \/>\n<script type=\"application\/ld+json\" class=\"yoast-schema-graph\">{\"@context\":\"https:\/\/schema.org\",\"@graph\":[{\"@type\":\"Article\",\"@id\":\"https:\/\/propertyjournal.com.mx\/la-villa-olimpica-de-paris-2024-de-refugio-temporal-a-modelo-de-vivienda-sostenible\/#article\",\"isPartOf\":{\"@id\":\"https:\/\/propertyjournal.com.mx\/la-villa-olimpica-de-paris-2024-de-refugio-temporal-a-modelo-de-vivienda-sostenible\/\"},\"author\":{\"name\":\"Property Journal\",\"@id\":\"https:\/\/propertyjournal.com.mx\/en\/#\/schema\/person\/ca6923a448dc0724eb4c1ccd2e9e8201\"},\"headline\":\"La Villa Ol\u00edmpica de Par\u00eds 2024: De refugio temporal a modelo de vivienda sostenible\",\"datePublished\":\"2025-02-28T23:05:53+00:00\",\"dateModified\":\"2025-02-28T23:05:54+00:00\",\"mainEntityOfPage\":{\"@id\":\"https:\/\/propertyjournal.com.mx\/la-villa-olimpica-de-paris-2024-de-refugio-temporal-a-modelo-de-vivienda-sostenible\/\"},\"wordCount\":499,\"commentCount\":0,\"publisher\":{\"@id\":\"https:\/\/propertyjournal.com.mx\/en\/#organization\"},\"image\":{\"@id\":\"https:\/\/propertyjournal.com.mx\/la-villa-olimpica-de-paris-2024-de-refugio-temporal-a-modelo-de-vivienda-sostenible\/#primaryimage\"},\"thumbnailUrl\":\"https:\/\/propertyjournal.com.mx\/wp-content\/uploads\/2025\/02\/villa-olimpica-de-paris-2024-vivienda-sostenible-property-journal.jpg\",\"articleSection\":[\"Arte y Arquitectura\"],\"inLanguage\":\"en-US\",\"potentialAction\":[{\"@type\":\"CommentAction\",\"name\":\"Comment\",\"target\":[\"https:\/\/propertyjournal.com.mx\/la-villa-olimpica-de-paris-2024-de-refugio-temporal-a-modelo-de-vivienda-sostenible\/#respond\"]}]},{\"@type\":\"WebPage\",\"@id\":\"https:\/\/propertyjournal.com.mx\/la-villa-olimpica-de-paris-2024-de-refugio-temporal-a-modelo-de-vivienda-sostenible\/\",\"url\":\"https:\/\/propertyjournal.com.mx\/la-villa-olimpica-de-paris-2024-de-refugio-temporal-a-modelo-de-vivienda-sostenible\/\",\"name\":\"La Villa Ol\u00edmpica de Par\u00eds 2024: De refugio temporal a modelo de vivienda sostenible - Property Journal\",\"isPartOf\":{\"@id\":\"https:\/\/propertyjournal.com.mx\/en\/#website\"},\"primaryImageOfPage\":{\"@id\":\"https:\/\/propertyjournal.com.mx\/la-villa-olimpica-de-paris-2024-de-refugio-temporal-a-modelo-de-vivienda-sostenible\/#primaryimage\"},\"image\":{\"@id\":\"https:\/\/propertyjournal.com.mx\/la-villa-olimpica-de-paris-2024-de-refugio-temporal-a-modelo-de-vivienda-sostenible\/#primaryimage\"},\"thumbnailUrl\":\"https:\/\/propertyjournal.com.mx\/wp-content\/uploads\/2025\/02\/villa-olimpica-de-paris-2024-vivienda-sostenible-property-journal.jpg\",\"datePublished\":\"2025-02-28T23:05:53+00:00\",\"dateModified\":\"2025-02-28T23:05:54+00:00\",\"description\":\"La Villa Ol\u00edmpica de Par\u00eds 2024 se transforma en un modelo de vivienda sostenible, redefiniendo la reconversi\u00f3n urbana. \u00a1Desc\u00fabrela!\",\"breadcrumb\":{\"@id\":\"https:\/\/propertyjournal.com.mx\/la-villa-olimpica-de-paris-2024-de-refugio-temporal-a-modelo-de-vivienda-sostenible\/#breadcrumb\"},\"inLanguage\":\"en-US\",\"potentialAction\":[{\"@type\":\"ReadAction\",\"target\":[\"https:\/\/propertyjournal.com.mx\/la-villa-olimpica-de-paris-2024-de-refugio-temporal-a-modelo-de-vivienda-sostenible\/\"]}]},{\"@type\":\"ImageObject\",\"inLanguage\":\"en-US\",\"@id\":\"https:\/\/propertyjournal.com.mx\/la-villa-olimpica-de-paris-2024-de-refugio-temporal-a-modelo-de-vivienda-sostenible\/#primaryimage\",\"url\":\"https:\/\/propertyjournal.com.mx\/wp-content\/uploads\/2025\/02\/villa-olimpica-de-paris-2024-vivienda-sostenible-property-journal.jpg\",\"contentUrl\":\"https:\/\/propertyjournal.com.mx\/wp-content\/uploads\/2025\/02\/villa-olimpica-de-paris-2024-vivienda-sostenible-property-journal.jpg\",\"width\":1080,\"height\":720,\"caption\":\"villa-olimpica-de-paris-2024-vivienda-sostenible\"},{\"@type\":\"BreadcrumbList\",\"@id\":\"https:\/\/propertyjournal.com.mx\/la-villa-olimpica-de-paris-2024-de-refugio-temporal-a-modelo-de-vivienda-sostenible\/#breadcrumb\",\"itemListElement\":[{\"@type\":\"ListItem\",\"position\":1,\"name\":\"Home\",\"item\":\"https:\/\/propertyjournal.com.mx\/\"},{\"@type\":\"ListItem\",\"position\":2,\"name\":\"La Villa Ol\u00edmpica de Par\u00eds 2024: De refugio temporal a modelo de vivienda sostenible\"}]},{\"@type\":\"WebSite\",\"@id\":\"https:\/\/propertyjournal.com.mx\/en\/#website\",\"url\":\"https:\/\/propertyjournal.com.mx\/en\/\",\"name\":\"Property Journal\",\"description\":\"News Real Estate\",\"publisher\":{\"@id\":\"https:\/\/propertyjournal.com.mx\/en\/#organization\"},\"potentialAction\":[{\"@type\":\"SearchAction\",\"target\":{\"@type\":\"EntryPoint\",\"urlTemplate\":\"https:\/\/propertyjournal.com.mx\/en\/?s={search_term_string}\"},\"query-input\":{\"@type\":\"PropertyValueSpecification\",\"valueRequired\":true,\"valueName\":\"search_term_string\"}}],\"inLanguage\":\"en-US\"},{\"@type\":\"Organization\",\"@id\":\"https:\/\/propertyjournal.com.mx\/en\/#organization\",\"name\":\"Property Journal\",\"url\":\"https:\/\/propertyjournal.com.mx\/en\/\",\"logo\":{\"@type\":\"ImageObject\",\"inLanguage\":\"en-US\",\"@id\":\"https:\/\/propertyjournal.com.mx\/en\/#\/schema\/logo\/image\/\",\"url\":\"https:\/\/propertyjournal.com.mx\/wp-content\/uploads\/2023\/04\/logo2-property-journal.png\",\"contentUrl\":\"https:\/\/propertyjournal.com.mx\/wp-content\/uploads\/2023\/04\/logo2-property-journal.png\",\"width\":380,\"height\":180,\"caption\":\"Property Journal\"},\"image\":{\"@id\":\"https:\/\/propertyjournal.com.mx\/en\/#\/schema\/logo\/image\/\"},\"sameAs\":[\"https:\/\/www.facebook.com\/propertyjournalmx\",\"https:\/\/www.instagram.com\/propertyjournalmx\/\"]},{\"@type\":\"Person\",\"@id\":\"https:\/\/propertyjournal.com.mx\/en\/#\/schema\/person\/ca6923a448dc0724eb4c1ccd2e9e8201\",\"name\":\"Property Journal\",\"image\":{\"@type\":\"ImageObject\",\"inLanguage\":\"en-US\",\"@id\":\"https:\/\/propertyjournal.com.mx\/wp-content\/litespeed\/avatar\/92a947da4e17221d7d35fe8c0373b90d.jpg?ver=1776936953\",\"url\":\"https:\/\/propertyjournal.com.mx\/wp-content\/litespeed\/avatar\/92a947da4e17221d7d35fe8c0373b90d.jpg?ver=1776936953\",\"contentUrl\":\"https:\/\/propertyjournal.com.mx\/wp-content\/litespeed\/avatar\/92a947da4e17221d7d35fe8c0373b90d.jpg?ver=1776936953\",\"caption\":\"Property Journal\"},\"url\":\"https:\/\/propertyjournal.com.mx\/en\/author\/camila\/\"}]}<\/script>\n<!-- \/ Yoast SEO Premium plugin. -->","yoast_head_json":{"title":"La Villa Ol\u00edmpica de Par\u00eds 2024: De refugio temporal a modelo de vivienda sostenible - Property Journal","description":"La Villa Ol\u00edmpica de Par\u00eds 2024 se transforma en un modelo de vivienda sostenible, redefiniendo la reconversi\u00f3n urbana. \u00a1Desc\u00fabrela!","robots":{"index":"index","follow":"follow","max-snippet":"max-snippet:-1","max-image-preview":"max-image-preview:large","max-video-preview":"max-video-preview:-1"},"canonical":"https:\/\/propertyjournal.com.mx\/en\/la-villa-olimpica-de-paris-2024-de-refugio-temporal-a-modelo-de-vivienda-sostenible\/","og_locale":"en_US","og_type":"article","og_title":"La Villa Ol\u00edmpica de Par\u00eds 2024: De refugio temporal a modelo de vivienda sostenible","og_description":"La Villa Ol\u00edmpica de Par\u00eds 2024 se transforma en un modelo de vivienda sostenible, redefiniendo la reconversi\u00f3n urbana. \u00a1Desc\u00fabrela!","og_url":"https:\/\/propertyjournal.com.mx\/en\/la-villa-olimpica-de-paris-2024-de-refugio-temporal-a-modelo-de-vivienda-sostenible\/","og_site_name":"Property Journal","article_publisher":"https:\/\/www.facebook.com\/propertyjournalmx","article_published_time":"2025-02-28T23:05:53+00:00","article_modified_time":"2025-02-28T23:05:54+00:00","og_image":[{"width":1080,"height":720,"url":"https:\/\/propertyjournal.com.mx\/wp-content\/uploads\/2025\/02\/villa-olimpica-de-paris-2024-vivienda-sostenible-property-journal.jpg","type":"image\/jpeg"}],"author":"Property Journal","twitter_card":"summary_large_image","twitter_misc":{"Written by":"Property Journal","Est. reading time":"2 minutes"},"schema":{"@context":"https:\/\/schema.org","@graph":[{"@type":"Article","@id":"https:\/\/propertyjournal.com.mx\/la-villa-olimpica-de-paris-2024-de-refugio-temporal-a-modelo-de-vivienda-sostenible\/#article","isPartOf":{"@id":"https:\/\/propertyjournal.com.mx\/la-villa-olimpica-de-paris-2024-de-refugio-temporal-a-modelo-de-vivienda-sostenible\/"},"author":{"name":"Property Journal","@id":"https:\/\/propertyjournal.com.mx\/en\/#\/schema\/person\/ca6923a448dc0724eb4c1ccd2e9e8201"},"headline":"La Villa Ol\u00edmpica de Par\u00eds 2024: De refugio temporal a modelo de vivienda sostenible","datePublished":"2025-02-28T23:05:53+00:00","dateModified":"2025-02-28T23:05:54+00:00","mainEntityOfPage":{"@id":"https:\/\/propertyjournal.com.mx\/la-villa-olimpica-de-paris-2024-de-refugio-temporal-a-modelo-de-vivienda-sostenible\/"},"wordCount":499,"commentCount":0,"publisher":{"@id":"https:\/\/propertyjournal.com.mx\/en\/#organization"},"image":{"@id":"https:\/\/propertyjournal.com.mx\/la-villa-olimpica-de-paris-2024-de-refugio-temporal-a-modelo-de-vivienda-sostenible\/#primaryimage"},"thumbnailUrl":"https:\/\/propertyjournal.com.mx\/wp-content\/uploads\/2025\/02\/villa-olimpica-de-paris-2024-vivienda-sostenible-property-journal.jpg","articleSection":["Arte y Arquitectura"],"inLanguage":"en-US","potentialAction":[{"@type":"CommentAction","name":"Comment","target":["https:\/\/propertyjournal.com.mx\/la-villa-olimpica-de-paris-2024-de-refugio-temporal-a-modelo-de-vivienda-sostenible\/#respond"]}]},{"@type":"WebPage","@id":"https:\/\/propertyjournal.com.mx\/la-villa-olimpica-de-paris-2024-de-refugio-temporal-a-modelo-de-vivienda-sostenible\/","url":"https:\/\/propertyjournal.com.mx\/la-villa-olimpica-de-paris-2024-de-refugio-temporal-a-modelo-de-vivienda-sostenible\/","name":"La Villa Ol\u00edmpica de Par\u00eds 2024: De refugio temporal a modelo de vivienda sostenible - Property Journal","isPartOf":{"@id":"https:\/\/propertyjournal.com.mx\/en\/#website"},"primaryImageOfPage":{"@id":"https:\/\/propertyjournal.com.mx\/la-villa-olimpica-de-paris-2024-de-refugio-temporal-a-modelo-de-vivienda-sostenible\/#primaryimage"},"image":{"@id":"https:\/\/propertyjournal.com.mx\/la-villa-olimpica-de-paris-2024-de-refugio-temporal-a-modelo-de-vivienda-sostenible\/#primaryimage"},"thumbnailUrl":"https:\/\/propertyjournal.com.mx\/wp-content\/uploads\/2025\/02\/villa-olimpica-de-paris-2024-vivienda-sostenible-property-journal.jpg","datePublished":"2025-02-28T23:05:53+00:00","dateModified":"2025-02-28T23:05:54+00:00","description":"La Villa Ol\u00edmpica de Par\u00eds 2024 se transforma en un modelo de vivienda sostenible, redefiniendo la reconversi\u00f3n urbana. \u00a1Desc\u00fabrela!","breadcrumb":{"@id":"https:\/\/propertyjournal.com.mx\/la-villa-olimpica-de-paris-2024-de-refugio-temporal-a-modelo-de-vivienda-sostenible\/#breadcrumb"},"inLanguage":"en-US","potentialAction":[{"@type":"ReadAction","target":["https:\/\/propertyjournal.com.mx\/la-villa-olimpica-de-paris-2024-de-refugio-temporal-a-modelo-de-vivienda-sostenible\/"]}]},{"@type":"ImageObject","inLanguage":"en-US","@id":"https:\/\/propertyjournal.com.mx\/la-villa-olimpica-de-paris-2024-de-refugio-temporal-a-modelo-de-vivienda-sostenible\/#primaryimage","url":"https:\/\/propertyjournal.com.mx\/wp-content\/uploads\/2025\/02\/villa-olimpica-de-paris-2024-vivienda-sostenible-property-journal.jpg","contentUrl":"https:\/\/propertyjournal.com.mx\/wp-content\/uploads\/2025\/02\/villa-olimpica-de-paris-2024-vivienda-sostenible-property-journal.jpg","width":1080,"height":720,"caption":"villa-olimpica-de-paris-2024-vivienda-sostenible"},{"@type":"BreadcrumbList","@id":"https:\/\/propertyjournal.com.mx\/la-villa-olimpica-de-paris-2024-de-refugio-temporal-a-modelo-de-vivienda-sostenible\/#breadcrumb","itemListElement":[{"@type":"ListItem","position":1,"name":"Home","item":"https:\/\/propertyjournal.com.mx\/"},{"@type":"ListItem","position":2,"name":"La Villa Ol\u00edmpica de Par\u00eds 2024: De refugio temporal a modelo de vivienda sostenible"}]},{"@type":"WebSite","@id":"https:\/\/propertyjournal.com.mx\/en\/#website","url":"https:\/\/propertyjournal.com.mx\/en\/","name":"Property Journal","description":"News Real Estate","publisher":{"@id":"https:\/\/propertyjournal.com.mx\/en\/#organization"},"potentialAction":[{"@type":"SearchAction","target":{"@type":"EntryPoint","urlTemplate":"https:\/\/propertyjournal.com.mx\/en\/?s={search_term_string}"},"query-input":{"@type":"PropertyValueSpecification","valueRequired":true,"valueName":"search_term_string"}}],"inLanguage":"en-US"},{"@type":"Organization","@id":"https:\/\/propertyjournal.com.mx\/en\/#organization","name":"Property Journal","url":"https:\/\/propertyjournal.com.mx\/en\/","logo":{"@type":"ImageObject","inLanguage":"en-US","@id":"https:\/\/propertyjournal.com.mx\/en\/#\/schema\/logo\/image\/","url":"https:\/\/propertyjournal.com.mx\/wp-content\/uploads\/2023\/04\/logo2-property-journal.png","contentUrl":"https:\/\/propertyjournal.com.mx\/wp-content\/uploads\/2023\/04\/logo2-property-journal.png","width":380,"height":180,"caption":"Property Journal"},"image":{"@id":"https:\/\/propertyjournal.com.mx\/en\/#\/schema\/logo\/image\/"},"sameAs":["https:\/\/www.facebook.com\/propertyjournalmx","https:\/\/www.instagram.com\/propertyjournalmx\/"]},{"@type":"Person","@id":"https:\/\/propertyjournal.com.mx\/en\/#\/schema\/person\/ca6923a448dc0724eb4c1ccd2e9e8201","name":"Property Journal","image":{"@type":"ImageObject","inLanguage":"en-US","@id":"https:\/\/propertyjournal.com.mx\/wp-content\/litespeed\/avatar\/92a947da4e17221d7d35fe8c0373b90d.jpg?ver=1776936953","url":"https:\/\/propertyjournal.com.mx\/wp-content\/litespeed\/avatar\/92a947da4e17221d7d35fe8c0373b90d.jpg?ver=1776936953","contentUrl":"https:\/\/propertyjournal.com.mx\/wp-content\/litespeed\/avatar\/92a947da4e17221d7d35fe8c0373b90d.jpg?ver=1776936953","caption":"Property Journal"},"url":"https:\/\/propertyjournal.com.mx\/en\/author\/camila\/"}]}},"_links":{"self":[{"href":"https:\/\/propertyjournal.com.mx\/en\/wp-json\/wp\/v2\/posts\/11756","targetHints":{"allow":["GET"]}}],"collection":[{"href":"https:\/\/propertyjournal.com.mx\/en\/wp-json\/wp\/v2\/posts"}],"about":[{"href":"https:\/\/propertyjournal.com.mx\/en\/wp-json\/wp\/v2\/types\/post"}],"author":[{"embeddable":true,"href":"https:\/\/propertyjournal.com.mx\/en\/wp-json\/wp\/v2\/users\/3"}],"replies":[{"embeddable":true,"href":"https:\/\/propertyjournal.com.mx\/en\/wp-json\/wp\/v2\/comments?post=11756"}],"version-history":[{"count":2,"href":"https:\/\/propertyjournal.com.mx\/en\/wp-json\/wp\/v2\/posts\/11756\/revisions"}],"predecessor-version":[{"id":11760,"href":"https:\/\/propertyjournal.com.mx\/en\/wp-json\/wp\/v2\/posts\/11756\/revisions\/11760"}],"wp:featuredmedia":[{"embeddable":true,"href":"https:\/\/propertyjournal.com.mx\/en\/wp-json\/wp\/v2\/media\/11759"}],"wp:attachment":[{"href":"https:\/\/propertyjournal.com.mx\/en\/wp-json\/wp\/v2\/media?parent=11756"}],"wp:term":[{"taxonomy":"category","embeddable":true,"href":"https:\/\/propertyjournal.com.mx\/en\/wp-json\/wp\/v2\/categories?post=11756"},{"taxonomy":"post_tag","embeddable":true,"href":"https:\/\/propertyjournal.com.mx\/en\/wp-json\/wp\/v2\/tags?post=11756"}],"curies":[{"name":"wp","href":"https:\/\/api.w.org\/{rel}","templated":true}]}}