{"id":12486,"date":"2025-06-02T18:21:55","date_gmt":"2025-06-02T18:21:55","guid":{"rendered":"https:\/\/propertyjournal.com.mx\/?p=12486"},"modified":"2025-06-02T19:56:49","modified_gmt":"2025-06-02T19:56:49","slug":"puerto-vallarta-historia-evolucion-aniversario","status":"publish","type":"post","link":"https:\/\/propertyjournal.com.mx\/en\/puerto-vallarta-historia-evolucion-aniversario\/","title":{"rendered":"Puerto Vallarta: 106 Years of History, Tourism, and Transformation"},"content":{"rendered":"<p>Puerto Vallarta is not only celebrating its anniversary as a city and municipality, but also reflecting on its impressive journey of growth\u2014from a small fishing settlement to one of <strong><a href=\"https:\/\/visitpuertovallarta.com.mx\">Mexico\u2019s most dynamic tourist destinations.<\/a><\/strong><\/p>\n\n\n\n<h2 class=\"wp-block-heading\">From Las Pe\u00f1as to Puerto Vallarta: The City\u2019s Origins<\/h2>\n\n\n\n<figure class=\"wp-block-gallery has-nested-images columns-default is-cropped wp-block-gallery-1 is-layout-flex wp-block-gallery-is-layout-flex\">\n<figure class=\"wp-block-image size-large\"><img fetchpriority=\"high\" decoding=\"async\" width=\"1024\" height=\"530\" data-id=\"12489\" src=\"https:\/\/propertyjournal.com.mx\/wp-content\/uploads\/2025\/06\/Captura-de-pantalla-2025-05-31-a-las-12.23.52\u202fp.m-1024x530.png\" alt=\"viejo-vallarta\" class=\"wp-image-12489\" srcset=\"https:\/\/propertyjournal.com.mx\/wp-content\/uploads\/2025\/06\/Captura-de-pantalla-2025-05-31-a-las-12.23.52\u202fp.m-1024x530.png 1024w, https:\/\/propertyjournal.com.mx\/wp-content\/uploads\/2025\/06\/Captura-de-pantalla-2025-05-31-a-las-12.23.52\u202fp.m-300x155.png 300w, https:\/\/propertyjournal.com.mx\/wp-content\/uploads\/2025\/06\/Captura-de-pantalla-2025-05-31-a-las-12.23.52\u202fp.m-768x398.png 768w, https:\/\/propertyjournal.com.mx\/wp-content\/uploads\/2025\/06\/Captura-de-pantalla-2025-05-31-a-las-12.23.52\u202fp.m-18x9.png 18w, https:\/\/propertyjournal.com.mx\/wp-content\/uploads\/2025\/06\/Captura-de-pantalla-2025-05-31-a-las-12.23.52\u202fp.m-750x389.png 750w, https:\/\/propertyjournal.com.mx\/wp-content\/uploads\/2025\/06\/Captura-de-pantalla-2025-05-31-a-las-12.23.52\u202fp.m-1140x591.png 1140w, https:\/\/propertyjournal.com.mx\/wp-content\/uploads\/2025\/06\/Captura-de-pantalla-2025-05-31-a-las-12.23.52\u202fp.m.png 1332w\" sizes=\"(max-width: 1024px) 100vw, 1024px\" \/><\/figure>\n\n\n\n<figure class=\"wp-block-image size-large\"><img decoding=\"async\" width=\"1024\" height=\"618\" data-id=\"12490\" src=\"https:\/\/propertyjournal.com.mx\/wp-content\/uploads\/2025\/06\/Captura-de-pantalla-2025-05-31-a-las-12.25.13\u202fp.m-1024x618.png\" alt=\"puerto-vallarta-en-sus-inicios\" class=\"wp-image-12490\" srcset=\"https:\/\/propertyjournal.com.mx\/wp-content\/uploads\/2025\/06\/Captura-de-pantalla-2025-05-31-a-las-12.25.13\u202fp.m-1024x618.png 1024w, https:\/\/propertyjournal.com.mx\/wp-content\/uploads\/2025\/06\/Captura-de-pantalla-2025-05-31-a-las-12.25.13\u202fp.m-300x181.png 300w, https:\/\/propertyjournal.com.mx\/wp-content\/uploads\/2025\/06\/Captura-de-pantalla-2025-05-31-a-las-12.25.13\u202fp.m-768x464.png 768w, https:\/\/propertyjournal.com.mx\/wp-content\/uploads\/2025\/06\/Captura-de-pantalla-2025-05-31-a-las-12.25.13\u202fp.m-1536x927.png 1536w, https:\/\/propertyjournal.com.mx\/wp-content\/uploads\/2025\/06\/Captura-de-pantalla-2025-05-31-a-las-12.25.13\u202fp.m-18x12.png 18w, https:\/\/propertyjournal.com.mx\/wp-content\/uploads\/2025\/06\/Captura-de-pantalla-2025-05-31-a-las-12.25.13\u202fp.m-750x453.png 750w, https:\/\/propertyjournal.com.mx\/wp-content\/uploads\/2025\/06\/Captura-de-pantalla-2025-05-31-a-las-12.25.13\u202fp.m-1140x688.png 1140w, https:\/\/propertyjournal.com.mx\/wp-content\/uploads\/2025\/06\/Captura-de-pantalla-2025-05-31-a-las-12.25.13\u202fp.m.png 1584w\" sizes=\"(max-width: 1024px) 100vw, 1024px\" \/><\/figure>\n<\/figure>\n\n\n\n<p>Puerto Vallarta's story began in the mid-19th century as <strong>Las Pe\u00f1as de Santa Mar\u00eda de Guadalupe<\/strong>, founded by merchants and fishermen. Its strategic location on Banderas Bay made it a key hub for trading agricultural and mining products from the region.<\/p>\n\n\n\n<p>In 1918, the State Congress of Jalisco elevated Las Pe\u00f1as to the status of municipality, renaming it Puerto Vallarta in honor of then-Governor Ignacio L. Vallarta. Half a century later, in 1968, it was granted city status, solidifying its political standing and ushering in an era of unprecedented urban and tourism development.<\/p>\n\n\n\n<h2 class=\"wp-block-heading\">Key Moments in Its Development<\/h2>\n\n\n\n<h3 class=\"wp-block-heading\">Agriculture, Mining, and Trade (19th century \u2013 early 20th century)<\/h3>\n\n\n\n<p>Corn, beans, and mining fueled the region\u2019s initial economic development. Its natural port facilitated the export of goods to other markets.<\/p>\n\n\n\n<h3 class=\"wp-block-heading\">The Turning Point: Hollywood Discovers Vallarta<\/h3>\n\n\n<div class=\"wp-block-image\">\n<figure class=\"aligncenter size-large\"><img decoding=\"async\" width=\"1024\" height=\"784\" src=\"http:\/\/propertyjournal.com.mx\/wp-content\/uploads\/2025\/06\/la-noche-de-la-iguana-burton-y-ava1-1024x784.png\" alt=\"la-noche-de-la-iguana-filmada-en-puerto-vallarta\" class=\"wp-image-12488\" srcset=\"https:\/\/propertyjournal.com.mx\/wp-content\/uploads\/2025\/06\/la-noche-de-la-iguana-burton-y-ava1-1024x784.png 1024w, https:\/\/propertyjournal.com.mx\/wp-content\/uploads\/2025\/06\/la-noche-de-la-iguana-burton-y-ava1-300x230.png 300w, https:\/\/propertyjournal.com.mx\/wp-content\/uploads\/2025\/06\/la-noche-de-la-iguana-burton-y-ava1-768x588.png 768w, https:\/\/propertyjournal.com.mx\/wp-content\/uploads\/2025\/06\/la-noche-de-la-iguana-burton-y-ava1-16x12.png 16w, https:\/\/propertyjournal.com.mx\/wp-content\/uploads\/2025\/06\/la-noche-de-la-iguana-burton-y-ava1-750x574.png 750w, https:\/\/propertyjournal.com.mx\/wp-content\/uploads\/2025\/06\/la-noche-de-la-iguana-burton-y-ava1-1140x873.png 1140w, https:\/\/propertyjournal.com.mx\/wp-content\/uploads\/2025\/06\/la-noche-de-la-iguana-burton-y-ava1.png 1196w\" sizes=\"(max-width: 1024px) 100vw, 1024px\" \/><\/figure><\/div>\n\n\n<p>In 1963, the filming of <em>The Night of the Iguana<\/em>, directed by John Huston and starring Richard Burton and Elizabeth Taylor, forever changed the port\u2019s destiny. The international media attention positioned Puerto Vallarta as an emerging tourist hotspot.<\/p>\n\n\n\n<h3 class=\"wp-block-heading\">Tourism Infrastructure: Foundations for Growth<\/h3>\n\n\n\n<p>Starting in the 1960s, the construction of the international airport, highways, and new hotel developments\u2014such as Marina Vallarta\u2014multiplied its capacity to welcome visitors.<\/p>\n\n\n\n<h3 class=\"wp-block-heading\">Tourism Diversification and New Markets<\/h3>\n\n\n\n<p>In the following decades, <strong>Puerto Vallarta<\/strong> Puerto Vallarta diversified its offerings to attract adventure tourism, ecotourism, romance, weddings, wellness, and in recent years, has become one of Mexico\u2019s leading LGBTQ+ destinations.<\/p>\n\n\n\n<h2 class=\"wp-block-heading\">From Coastal Town to International Tourist City<\/h2>\n\n\n\n<figure class=\"wp-block-gallery has-nested-images columns-default is-cropped wp-block-gallery-2 is-layout-flex wp-block-gallery-is-layout-flex\">\n<figure class=\"wp-block-image size-large\"><img loading=\"lazy\" decoding=\"async\" width=\"1024\" height=\"683\" data-id=\"11582\" src=\"https:\/\/propertyjournal.com.mx\/wp-content\/uploads\/2025\/02\/a-view-of-a-very-large-city-from-the-air-by-the-wa-2025-02-09-14-35-57-utc-1-1024x683.jpg\" alt=\"\" class=\"wp-image-11582\" srcset=\"https:\/\/propertyjournal.com.mx\/wp-content\/uploads\/2025\/02\/a-view-of-a-very-large-city-from-the-air-by-the-wa-2025-02-09-14-35-57-utc-1-1024x683.jpg 1024w, https:\/\/propertyjournal.com.mx\/wp-content\/uploads\/2025\/02\/a-view-of-a-very-large-city-from-the-air-by-the-wa-2025-02-09-14-35-57-utc-1-300x200.jpg 300w, https:\/\/propertyjournal.com.mx\/wp-content\/uploads\/2025\/02\/a-view-of-a-very-large-city-from-the-air-by-the-wa-2025-02-09-14-35-57-utc-1-768x512.jpg 768w, https:\/\/propertyjournal.com.mx\/wp-content\/uploads\/2025\/02\/a-view-of-a-very-large-city-from-the-air-by-the-wa-2025-02-09-14-35-57-utc-1-18x12.jpg 18w, https:\/\/propertyjournal.com.mx\/wp-content\/uploads\/2025\/02\/a-view-of-a-very-large-city-from-the-air-by-the-wa-2025-02-09-14-35-57-utc-1-555x370.jpg 555w, https:\/\/propertyjournal.com.mx\/wp-content\/uploads\/2025\/02\/a-view-of-a-very-large-city-from-the-air-by-the-wa-2025-02-09-14-35-57-utc-1.jpg 1350w\" sizes=\"(max-width: 1024px) 100vw, 1024px\" \/><\/figure>\n\n\n\n<figure class=\"wp-block-image size-large\"><img loading=\"lazy\" decoding=\"async\" width=\"1024\" height=\"683\" data-id=\"11396\" src=\"https:\/\/propertyjournal.com.mx\/wp-content\/uploads\/2025\/01\/exceso-de-oferta-inmobiliaria-en-puerto-vallarta-y-riviera-nayarit-property-journal-1024x683.jpg\" alt=\"puerto-vallarta-destino-turistico-internacional\" class=\"wp-image-11396\" srcset=\"https:\/\/propertyjournal.com.mx\/wp-content\/uploads\/2025\/01\/exceso-de-oferta-inmobiliaria-en-puerto-vallarta-y-riviera-nayarit-property-journal-1024x683.jpg 1024w, https:\/\/propertyjournal.com.mx\/wp-content\/uploads\/2025\/01\/exceso-de-oferta-inmobiliaria-en-puerto-vallarta-y-riviera-nayarit-property-journal-300x200.jpg 300w, https:\/\/propertyjournal.com.mx\/wp-content\/uploads\/2025\/01\/exceso-de-oferta-inmobiliaria-en-puerto-vallarta-y-riviera-nayarit-property-journal-768x512.jpg 768w, https:\/\/propertyjournal.com.mx\/wp-content\/uploads\/2025\/01\/exceso-de-oferta-inmobiliaria-en-puerto-vallarta-y-riviera-nayarit-property-journal-18x12.jpg 18w, https:\/\/propertyjournal.com.mx\/wp-content\/uploads\/2025\/01\/exceso-de-oferta-inmobiliaria-en-puerto-vallarta-y-riviera-nayarit-property-journal-555x370.jpg 555w, https:\/\/propertyjournal.com.mx\/wp-content\/uploads\/2025\/01\/exceso-de-oferta-inmobiliaria-en-puerto-vallarta-y-riviera-nayarit-property-journal.jpg 1080w\" sizes=\"(max-width: 1024px) 100vw, 1024px\" \/><\/figure>\n<\/figure>\n\n\n\n<p>Population growth has been remarkable. From just a few thousand inhabitants in the early 20th century, it now exceeds 300,000 residents, not counting the fluctuating tourist population. This boom has generated wealth and employment, but also significant challenges in infrastructure, public services, and urban planning.<\/p>\n\n\n\n<h2 class=\"wp-block-heading\">Puerto Vallarta\u2019s Current Challenges<\/h2>\n\n\n\n<p>At 106 years as a municipality, the city faces new challenges that will shape its future:<\/p>\n\n\n\n<ul class=\"wp-block-list\">\n<li><strong>Sustainable tourism:<\/strong> Protecting beaches, jungles, and marine life; promoting ecotourism.<\/li>\n\n\n\n<li><strong>Economic diversification:<\/strong> New tourism segments (cultural, gastronomic, wellness, conferences, and conventions).<\/li>\n\n\n\n<li><strong>Infrastructure and connectivity:<\/strong> Modernizing the airport and roadways.<\/li>\n\n\n\n<li><strong>Preserving local identity:<\/strong> Protecting the historic center, architecture, traditions, and folk art.<\/li>\n\n\n\n<li><strong>Equitable social development:<\/strong> Strengthening programs in healthcare, education, and housing for the local population.<\/li>\n\n\n\n<li><strong>Sustainable urban planning:<\/strong> Managing waste, water access, mobility, and orderly growth.<\/li>\n\n\n\n<li><strong>Safety and coexistence:<\/strong> Ensuring well-being for both residents and visitors.<\/li>\n<\/ul>\n\n\n\n<h2 class=\"wp-block-heading\">An Anniversary to Look Toward the Future<\/h2>\n\n\n\n<p>The commemoration of Puerto Vallarta is much more than a historical celebration. It\u2019s an opportunity to reflect on its transformation and how to address future challenges without losing its essence: the warmth of its people, the richness of its landscape, and the cosmopolitan spirit that defines it.<\/p>\n\n\n\n<h2 class=\"wp-block-heading\"><\/h2>\n\n\n\n<p>If you want to know more about what is going on in Puerto Vallarta and Riviera Nayarit click <strong><a href=\"https:\/\/propertyjournal.com.mx\/en\/category\/puerto-vallarta\/\">here.<\/a><\/strong><\/p>\n\n\n\n<p><\/p>","protected":false},"excerpt":{"rendered":"<p>Puerto Vallarta no solo celebra su aniversario como ciudad y municipio, tambi\u00e9n repasa su impresionante camino de crecimiento, desde un peque\u00f1o asentamiento pesquero hasta convertirse en uno de los destinos tur\u00edsticos m\u00e1s din\u00e1micos de M\u00e9xico. De Las Pe\u00f1as a Puerto Vallarta: los or\u00edgenes de la ciudad La historia de Puerto Vallarta comenz\u00f3 a mediados del [&hellip;]<\/p>\n","protected":false},"author":3,"featured_media":12487,"comment_status":"open","ping_status":"open","sticky":false,"template":"","format":"standard","meta":{"_joinchat":[],"footnotes":""},"categories":[296],"tags":[],"class_list":["post-12486","post","type-post","status-publish","format-standard","has-post-thumbnail","hentry","category-puerto-vallarta"],"yoast_head":"<!-- This site is optimized with the Yoast SEO Premium plugin v20.8 (Yoast SEO v27.2) - https:\/\/yoast.com\/product\/yoast-seo-premium-wordpress\/ -->\n<title>Puerto Vallarta: 106 A\u00f1os de Historia, Turismo y Transformaci\u00f3n - Property Journal<\/title>\n<meta name=\"description\" content=\"Puerto Vallarta celebra su evoluci\u00f3n: de Las Pe\u00f1as a destino global, entre turismo, identidad local y nuevos desaf\u00edos de crecimiento.\" \/>\n<meta name=\"robots\" content=\"index, follow, max-snippet:-1, max-image-preview:large, max-video-preview:-1\" \/>\n<link rel=\"canonical\" href=\"https:\/\/propertyjournal.com.mx\/en\/puerto-vallarta-historia-evolucion-aniversario\/\" \/>\n<meta property=\"og:locale\" content=\"en_US\" \/>\n<meta property=\"og:type\" content=\"article\" \/>\n<meta property=\"og:title\" content=\"Puerto Vallarta: 106 A\u00f1os de Historia, Turismo y Transformaci\u00f3n\" \/>\n<meta property=\"og:description\" content=\"Puerto Vallarta celebra su evoluci\u00f3n: de Las Pe\u00f1as a destino global, entre turismo, identidad local y nuevos desaf\u00edos de crecimiento.\" \/>\n<meta property=\"og:url\" content=\"https:\/\/propertyjournal.com.mx\/en\/puerto-vallarta-historia-evolucion-aniversario\/\" \/>\n<meta property=\"og:site_name\" content=\"Property Journal\" \/>\n<meta property=\"article:publisher\" content=\"https:\/\/www.facebook.com\/propertyjournalmx\" \/>\n<meta property=\"article:published_time\" content=\"2025-06-02T18:21:55+00:00\" \/>\n<meta property=\"article:modified_time\" content=\"2025-06-02T19:56:49+00:00\" \/>\n<meta property=\"og:image\" content=\"https:\/\/propertyjournal.com.mx\/wp-content\/uploads\/2025\/06\/aniversario-de-puerto-vallarta-property-journal.jpg\" \/>\n\t<meta property=\"og:image:width\" content=\"1080\" \/>\n\t<meta property=\"og:image:height\" content=\"720\" \/>\n\t<meta property=\"og:image:type\" content=\"image\/jpeg\" \/>\n<meta name=\"author\" content=\"Property Journal\" \/>\n<meta name=\"twitter:card\" content=\"summary_large_image\" \/>\n<meta name=\"twitter:label1\" content=\"Written by\" \/>\n\t<meta name=\"twitter:data1\" content=\"Property Journal\" \/>\n\t<meta name=\"twitter:label2\" content=\"Est. reading time\" \/>\n\t<meta name=\"twitter:data2\" content=\"4 minutes\" \/>\n<script type=\"application\/ld+json\" class=\"yoast-schema-graph\">{\"@context\":\"https:\/\/schema.org\",\"@graph\":[{\"@type\":\"Article\",\"@id\":\"https:\/\/propertyjournal.com.mx\/en\/puerto-vallarta-historia-evolucion-aniversario\/#article\",\"isPartOf\":{\"@id\":\"https:\/\/propertyjournal.com.mx\/en\/puerto-vallarta-historia-evolucion-aniversario\/\"},\"author\":{\"name\":\"Property Journal\",\"@id\":\"https:\/\/propertyjournal.com.mx\/en\/#\/schema\/person\/ca6923a448dc0724eb4c1ccd2e9e8201\"},\"headline\":\"Puerto Vallarta: 106 A\u00f1os de Historia, Turismo y Transformaci\u00f3n\",\"datePublished\":\"2025-06-02T18:21:55+00:00\",\"dateModified\":\"2025-06-02T19:56:49+00:00\",\"mainEntityOfPage\":{\"@id\":\"https:\/\/propertyjournal.com.mx\/en\/puerto-vallarta-historia-evolucion-aniversario\/\"},\"wordCount\":606,\"commentCount\":0,\"publisher\":{\"@id\":\"https:\/\/propertyjournal.com.mx\/en\/#organization\"},\"image\":{\"@id\":\"https:\/\/propertyjournal.com.mx\/en\/puerto-vallarta-historia-evolucion-aniversario\/#primaryimage\"},\"thumbnailUrl\":\"https:\/\/propertyjournal.com.mx\/wp-content\/uploads\/2025\/06\/aniversario-de-puerto-vallarta-property-journal.jpg\",\"articleSection\":[\"Puerto Vallarta \/ Nayarit\"],\"inLanguage\":\"en-US\",\"potentialAction\":[{\"@type\":\"CommentAction\",\"name\":\"Comment\",\"target\":[\"https:\/\/propertyjournal.com.mx\/en\/puerto-vallarta-historia-evolucion-aniversario\/#respond\"]}]},{\"@type\":\"WebPage\",\"@id\":\"https:\/\/propertyjournal.com.mx\/en\/puerto-vallarta-historia-evolucion-aniversario\/\",\"url\":\"https:\/\/propertyjournal.com.mx\/en\/puerto-vallarta-historia-evolucion-aniversario\/\",\"name\":\"Puerto Vallarta: 106 A\u00f1os de Historia, Turismo y Transformaci\u00f3n - Property Journal\",\"isPartOf\":{\"@id\":\"https:\/\/propertyjournal.com.mx\/en\/#website\"},\"primaryImageOfPage\":{\"@id\":\"https:\/\/propertyjournal.com.mx\/en\/puerto-vallarta-historia-evolucion-aniversario\/#primaryimage\"},\"image\":{\"@id\":\"https:\/\/propertyjournal.com.mx\/en\/puerto-vallarta-historia-evolucion-aniversario\/#primaryimage\"},\"thumbnailUrl\":\"https:\/\/propertyjournal.com.mx\/wp-content\/uploads\/2025\/06\/aniversario-de-puerto-vallarta-property-journal.jpg\",\"datePublished\":\"2025-06-02T18:21:55+00:00\",\"dateModified\":\"2025-06-02T19:56:49+00:00\",\"description\":\"Puerto Vallarta celebra su evoluci\u00f3n: de Las Pe\u00f1as a destino global, entre turismo, identidad local y nuevos desaf\u00edos de crecimiento.\",\"breadcrumb\":{\"@id\":\"https:\/\/propertyjournal.com.mx\/en\/puerto-vallarta-historia-evolucion-aniversario\/#breadcrumb\"},\"inLanguage\":\"en-US\",\"potentialAction\":[{\"@type\":\"ReadAction\",\"target\":[\"https:\/\/propertyjournal.com.mx\/en\/puerto-vallarta-historia-evolucion-aniversario\/\"]}]},{\"@type\":\"ImageObject\",\"inLanguage\":\"en-US\",\"@id\":\"https:\/\/propertyjournal.com.mx\/en\/puerto-vallarta-historia-evolucion-aniversario\/#primaryimage\",\"url\":\"https:\/\/propertyjournal.com.mx\/wp-content\/uploads\/2025\/06\/aniversario-de-puerto-vallarta-property-journal.jpg\",\"contentUrl\":\"https:\/\/propertyjournal.com.mx\/wp-content\/uploads\/2025\/06\/aniversario-de-puerto-vallarta-property-journal.jpg\",\"width\":1080,\"height\":720,\"caption\":\"aniversario-106-puerto-vallarta\"},{\"@type\":\"BreadcrumbList\",\"@id\":\"https:\/\/propertyjournal.com.mx\/en\/puerto-vallarta-historia-evolucion-aniversario\/#breadcrumb\",\"itemListElement\":[{\"@type\":\"ListItem\",\"position\":1,\"name\":\"Home\",\"item\":\"https:\/\/propertyjournal.com.mx\/\"},{\"@type\":\"ListItem\",\"position\":2,\"name\":\"Puerto Vallarta: 106 A\u00f1os de Historia, Turismo y Transformaci\u00f3n\"}]},{\"@type\":\"WebSite\",\"@id\":\"https:\/\/propertyjournal.com.mx\/en\/#website\",\"url\":\"https:\/\/propertyjournal.com.mx\/en\/\",\"name\":\"Property Journal\",\"description\":\"News Real Estate\",\"publisher\":{\"@id\":\"https:\/\/propertyjournal.com.mx\/en\/#organization\"},\"potentialAction\":[{\"@type\":\"SearchAction\",\"target\":{\"@type\":\"EntryPoint\",\"urlTemplate\":\"https:\/\/propertyjournal.com.mx\/en\/?s={search_term_string}\"},\"query-input\":{\"@type\":\"PropertyValueSpecification\",\"valueRequired\":true,\"valueName\":\"search_term_string\"}}],\"inLanguage\":\"en-US\"},{\"@type\":\"Organization\",\"@id\":\"https:\/\/propertyjournal.com.mx\/en\/#organization\",\"name\":\"Property Journal\",\"url\":\"https:\/\/propertyjournal.com.mx\/en\/\",\"logo\":{\"@type\":\"ImageObject\",\"inLanguage\":\"en-US\",\"@id\":\"https:\/\/propertyjournal.com.mx\/en\/#\/schema\/logo\/image\/\",\"url\":\"https:\/\/propertyjournal.com.mx\/wp-content\/uploads\/2023\/04\/logo2-property-journal.png\",\"contentUrl\":\"https:\/\/propertyjournal.com.mx\/wp-content\/uploads\/2023\/04\/logo2-property-journal.png\",\"width\":380,\"height\":180,\"caption\":\"Property Journal\"},\"image\":{\"@id\":\"https:\/\/propertyjournal.com.mx\/en\/#\/schema\/logo\/image\/\"},\"sameAs\":[\"https:\/\/www.facebook.com\/propertyjournalmx\",\"https:\/\/www.instagram.com\/propertyjournalmx\/\"]},{\"@type\":\"Person\",\"@id\":\"https:\/\/propertyjournal.com.mx\/en\/#\/schema\/person\/ca6923a448dc0724eb4c1ccd2e9e8201\",\"name\":\"Property Journal\",\"image\":{\"@type\":\"ImageObject\",\"inLanguage\":\"en-US\",\"@id\":\"https:\/\/propertyjournal.com.mx\/wp-content\/litespeed\/avatar\/92a947da4e17221d7d35fe8c0373b90d.jpg?ver=1777541797\",\"url\":\"https:\/\/propertyjournal.com.mx\/wp-content\/litespeed\/avatar\/92a947da4e17221d7d35fe8c0373b90d.jpg?ver=1777541797\",\"contentUrl\":\"https:\/\/propertyjournal.com.mx\/wp-content\/litespeed\/avatar\/92a947da4e17221d7d35fe8c0373b90d.jpg?ver=1777541797\",\"caption\":\"Property Journal\"},\"url\":\"https:\/\/propertyjournal.com.mx\/en\/author\/camila\/\"}]}<\/script>\n<!-- \/ Yoast SEO Premium plugin. -->","yoast_head_json":{"title":"Puerto Vallarta: 106 A\u00f1os de Historia, Turismo y Transformaci\u00f3n - Property Journal","description":"Puerto Vallarta celebra su evoluci\u00f3n: de Las Pe\u00f1as a destino global, entre turismo, identidad local y nuevos desaf\u00edos de crecimiento.","robots":{"index":"index","follow":"follow","max-snippet":"max-snippet:-1","max-image-preview":"max-image-preview:large","max-video-preview":"max-video-preview:-1"},"canonical":"https:\/\/propertyjournal.com.mx\/en\/puerto-vallarta-historia-evolucion-aniversario\/","og_locale":"en_US","og_type":"article","og_title":"Puerto Vallarta: 106 A\u00f1os de Historia, Turismo y Transformaci\u00f3n","og_description":"Puerto Vallarta celebra su evoluci\u00f3n: de Las Pe\u00f1as a destino global, entre turismo, identidad local y nuevos desaf\u00edos de crecimiento.","og_url":"https:\/\/propertyjournal.com.mx\/en\/puerto-vallarta-historia-evolucion-aniversario\/","og_site_name":"Property Journal","article_publisher":"https:\/\/www.facebook.com\/propertyjournalmx","article_published_time":"2025-06-02T18:21:55+00:00","article_modified_time":"2025-06-02T19:56:49+00:00","og_image":[{"width":1080,"height":720,"url":"https:\/\/propertyjournal.com.mx\/wp-content\/uploads\/2025\/06\/aniversario-de-puerto-vallarta-property-journal.jpg","type":"image\/jpeg"}],"author":"Property Journal","twitter_card":"summary_large_image","twitter_misc":{"Written by":"Property Journal","Est. reading time":"4 minutes"},"schema":{"@context":"https:\/\/schema.org","@graph":[{"@type":"Article","@id":"https:\/\/propertyjournal.com.mx\/en\/puerto-vallarta-historia-evolucion-aniversario\/#article","isPartOf":{"@id":"https:\/\/propertyjournal.com.mx\/en\/puerto-vallarta-historia-evolucion-aniversario\/"},"author":{"name":"Property Journal","@id":"https:\/\/propertyjournal.com.mx\/en\/#\/schema\/person\/ca6923a448dc0724eb4c1ccd2e9e8201"},"headline":"Puerto Vallarta: 106 A\u00f1os de Historia, Turismo y Transformaci\u00f3n","datePublished":"2025-06-02T18:21:55+00:00","dateModified":"2025-06-02T19:56:49+00:00","mainEntityOfPage":{"@id":"https:\/\/propertyjournal.com.mx\/en\/puerto-vallarta-historia-evolucion-aniversario\/"},"wordCount":606,"commentCount":0,"publisher":{"@id":"https:\/\/propertyjournal.com.mx\/en\/#organization"},"image":{"@id":"https:\/\/propertyjournal.com.mx\/en\/puerto-vallarta-historia-evolucion-aniversario\/#primaryimage"},"thumbnailUrl":"https:\/\/propertyjournal.com.mx\/wp-content\/uploads\/2025\/06\/aniversario-de-puerto-vallarta-property-journal.jpg","articleSection":["Puerto Vallarta \/ Nayarit"],"inLanguage":"en-US","potentialAction":[{"@type":"CommentAction","name":"Comment","target":["https:\/\/propertyjournal.com.mx\/en\/puerto-vallarta-historia-evolucion-aniversario\/#respond"]}]},{"@type":"WebPage","@id":"https:\/\/propertyjournal.com.mx\/en\/puerto-vallarta-historia-evolucion-aniversario\/","url":"https:\/\/propertyjournal.com.mx\/en\/puerto-vallarta-historia-evolucion-aniversario\/","name":"Puerto Vallarta: 106 A\u00f1os de Historia, Turismo y Transformaci\u00f3n - Property Journal","isPartOf":{"@id":"https:\/\/propertyjournal.com.mx\/en\/#website"},"primaryImageOfPage":{"@id":"https:\/\/propertyjournal.com.mx\/en\/puerto-vallarta-historia-evolucion-aniversario\/#primaryimage"},"image":{"@id":"https:\/\/propertyjournal.com.mx\/en\/puerto-vallarta-historia-evolucion-aniversario\/#primaryimage"},"thumbnailUrl":"https:\/\/propertyjournal.com.mx\/wp-content\/uploads\/2025\/06\/aniversario-de-puerto-vallarta-property-journal.jpg","datePublished":"2025-06-02T18:21:55+00:00","dateModified":"2025-06-02T19:56:49+00:00","description":"Puerto Vallarta celebra su evoluci\u00f3n: de Las Pe\u00f1as a destino global, entre turismo, identidad local y nuevos desaf\u00edos de crecimiento.","breadcrumb":{"@id":"https:\/\/propertyjournal.com.mx\/en\/puerto-vallarta-historia-evolucion-aniversario\/#breadcrumb"},"inLanguage":"en-US","potentialAction":[{"@type":"ReadAction","target":["https:\/\/propertyjournal.com.mx\/en\/puerto-vallarta-historia-evolucion-aniversario\/"]}]},{"@type":"ImageObject","inLanguage":"en-US","@id":"https:\/\/propertyjournal.com.mx\/en\/puerto-vallarta-historia-evolucion-aniversario\/#primaryimage","url":"https:\/\/propertyjournal.com.mx\/wp-content\/uploads\/2025\/06\/aniversario-de-puerto-vallarta-property-journal.jpg","contentUrl":"https:\/\/propertyjournal.com.mx\/wp-content\/uploads\/2025\/06\/aniversario-de-puerto-vallarta-property-journal.jpg","width":1080,"height":720,"caption":"aniversario-106-puerto-vallarta"},{"@type":"BreadcrumbList","@id":"https:\/\/propertyjournal.com.mx\/en\/puerto-vallarta-historia-evolucion-aniversario\/#breadcrumb","itemListElement":[{"@type":"ListItem","position":1,"name":"Home","item":"https:\/\/propertyjournal.com.mx\/"},{"@type":"ListItem","position":2,"name":"Puerto Vallarta: 106 A\u00f1os de Historia, Turismo y Transformaci\u00f3n"}]},{"@type":"WebSite","@id":"https:\/\/propertyjournal.com.mx\/en\/#website","url":"https:\/\/propertyjournal.com.mx\/en\/","name":"Property Journal","description":"News Real Estate","publisher":{"@id":"https:\/\/propertyjournal.com.mx\/en\/#organization"},"potentialAction":[{"@type":"SearchAction","target":{"@type":"EntryPoint","urlTemplate":"https:\/\/propertyjournal.com.mx\/en\/?s={search_term_string}"},"query-input":{"@type":"PropertyValueSpecification","valueRequired":true,"valueName":"search_term_string"}}],"inLanguage":"en-US"},{"@type":"Organization","@id":"https:\/\/propertyjournal.com.mx\/en\/#organization","name":"Property Journal","url":"https:\/\/propertyjournal.com.mx\/en\/","logo":{"@type":"ImageObject","inLanguage":"en-US","@id":"https:\/\/propertyjournal.com.mx\/en\/#\/schema\/logo\/image\/","url":"https:\/\/propertyjournal.com.mx\/wp-content\/uploads\/2023\/04\/logo2-property-journal.png","contentUrl":"https:\/\/propertyjournal.com.mx\/wp-content\/uploads\/2023\/04\/logo2-property-journal.png","width":380,"height":180,"caption":"Property Journal"},"image":{"@id":"https:\/\/propertyjournal.com.mx\/en\/#\/schema\/logo\/image\/"},"sameAs":["https:\/\/www.facebook.com\/propertyjournalmx","https:\/\/www.instagram.com\/propertyjournalmx\/"]},{"@type":"Person","@id":"https:\/\/propertyjournal.com.mx\/en\/#\/schema\/person\/ca6923a448dc0724eb4c1ccd2e9e8201","name":"Property Journal","image":{"@type":"ImageObject","inLanguage":"en-US","@id":"https:\/\/propertyjournal.com.mx\/wp-content\/litespeed\/avatar\/92a947da4e17221d7d35fe8c0373b90d.jpg?ver=1777541797","url":"https:\/\/propertyjournal.com.mx\/wp-content\/litespeed\/avatar\/92a947da4e17221d7d35fe8c0373b90d.jpg?ver=1777541797","contentUrl":"https:\/\/propertyjournal.com.mx\/wp-content\/litespeed\/avatar\/92a947da4e17221d7d35fe8c0373b90d.jpg?ver=1777541797","caption":"Property Journal"},"url":"https:\/\/propertyjournal.com.mx\/en\/author\/camila\/"}]}},"_links":{"self":[{"href":"https:\/\/propertyjournal.com.mx\/en\/wp-json\/wp\/v2\/posts\/12486","targetHints":{"allow":["GET"]}}],"collection":[{"href":"https:\/\/propertyjournal.com.mx\/en\/wp-json\/wp\/v2\/posts"}],"about":[{"href":"https:\/\/propertyjournal.com.mx\/en\/wp-json\/wp\/v2\/types\/post"}],"author":[{"embeddable":true,"href":"https:\/\/propertyjournal.com.mx\/en\/wp-json\/wp\/v2\/users\/3"}],"replies":[{"embeddable":true,"href":"https:\/\/propertyjournal.com.mx\/en\/wp-json\/wp\/v2\/comments?post=12486"}],"version-history":[{"count":1,"href":"https:\/\/propertyjournal.com.mx\/en\/wp-json\/wp\/v2\/posts\/12486\/revisions"}],"predecessor-version":[{"id":12491,"href":"https:\/\/propertyjournal.com.mx\/en\/wp-json\/wp\/v2\/posts\/12486\/revisions\/12491"}],"wp:featuredmedia":[{"embeddable":true,"href":"https:\/\/propertyjournal.com.mx\/en\/wp-json\/wp\/v2\/media\/12487"}],"wp:attachment":[{"href":"https:\/\/propertyjournal.com.mx\/en\/wp-json\/wp\/v2\/media?parent=12486"}],"wp:term":[{"taxonomy":"category","embeddable":true,"href":"https:\/\/propertyjournal.com.mx\/en\/wp-json\/wp\/v2\/categories?post=12486"},{"taxonomy":"post_tag","embeddable":true,"href":"https:\/\/propertyjournal.com.mx\/en\/wp-json\/wp\/v2\/tags?post=12486"}],"curies":[{"name":"wp","href":"https:\/\/api.w.org\/{rel}","templated":true}]}}