{"id":12569,"date":"2025-06-10T17:53:46","date_gmt":"2025-06-10T17:53:46","guid":{"rendered":"https:\/\/propertyjournal.com.mx\/?p=12569"},"modified":"2025-06-10T20:27:33","modified_gmt":"2025-06-10T20:27:33","slug":"malecon-puerto-vallarta-renovacion-2025","status":"publish","type":"post","link":"https:\/\/propertyjournal.com.mx\/en\/malecon-puerto-vallarta-renovacion-2025\/","title":{"rendered":"Puerto Vallarta's Malec\u00f3n is being renovated with a multi-million dollar investment to boost tourism."},"content":{"rendered":"<p>Puerto Vallarta is making a bold investment in one of its most beloved landmarks: the Malec\u00f3n. With an investment of over 18 million pesos, the City Council has launched an ambitious renovation project that will transform this iconic seaside promenade into a safer, more attractive, and functional space\u2014just in time for the winter high season.<\/p>\n\n\n\n<h4 class=\"wp-block-heading\">Why Renovate Puerto Vallarta\u2019s Malec\u00f3n?<\/h4>\n\n\n\n<p>If you\u2019ve walked along the Malec\u00f3n in recent years, you\u2019ve likely noticed broken tiles, poor lighting, or worn-out street furniture. These issues not only affect the visitor experience but also compromise the image of the destination for the thousands of people who stroll through the area daily.<\/p>\n\n\n\n<p>The rehabilitation\u2014funded through the <strong><a href=\"https:\/\/www.gob.mx\/zofemat\">ZOFEMAT<\/a><\/strong>(Federal Maritime Land Zone Fund)\u2014was awarded to Constructora Karger S.A. de C.V. and covers the stretch from Calle 31 de Octubre to the Cuale River bridge.<\/p>\n\n\n\n<h4 class=\"wp-block-heading\">What Improvements Are Being Made?<\/h4>\n\n\n\n<p>The project goes far beyond cosmetic upgrades. Key improvements include:<\/p>\n\n\n\n<ul class=\"wp-block-list\">\n<li>Replacement of damaged tiles along the walkway<\/li>\n\n\n\n<li>Renovation of electrical wiring and installation of LED lighting for increased safety<\/li>\n\n\n\n<li>Restoration of the iconic Dolphin Fountain (Fuente de los Delfines)<\/li>\n\n\n\n<li>Refurbishment and replacement of urban furniture (benches, trash bins, light posts)<\/li>\n\n\n\n<li>Improvements to irrigation systems and resurfacing of planters and retaining walls<\/li>\n<\/ul>\n\n\n\n<h4 class=\"wp-block-heading\">Construction Timeline: June to November<\/h4>\n\n\n\n<p>Although the official start date was announced as June 10, some administrative adjustments caused a slight delay. Authorities expect to complete the project by December 2025, aiming to have the renovated Malec\u00f3n ready for the winter tourist influx.<\/p>\n\n\n\n<h4 class=\"wp-block-heading\">What Impact Will This Project Have?<\/h4>\n\n\n\n<p>During peak season, Puerto Vallarta\u2019s Malec\u00f3n receives up to 15,000 visitors per day. The renovation aims not only to beautify the space but also to:<\/p>\n\n\n\n<ul class=\"wp-block-list\">\n<li>Increase visitor time spent in the area<\/li>\n\n\n\n<li>Boost sales for shops and restaurants<\/li>\n\n\n\n<li>Improve perceptions of safety, especially at night<\/li>\n\n\n\n<li>Reduce long-term maintenance costs<\/li>\n<\/ul>\n\n\n\n<p>Local business owners like Ana Laura Reyes, who runs an art gallery nearby, welcome the initiative:<br>\"The cracks were driving tourists away; with a renovated Malec\u00f3n, we expect a boost in sales this fall.\"<\/p>\n\n\n\n<h4 class=\"wp-block-heading\">What\u2019s Next?<\/h4>\n\n\n\n<p>Work will begin with the removal of tiles and underground wiring, followed by the installation of new features. A pedestrian access plan will be implemented, and a digital reporting channel will be launched for citizen feedback. Officials have pledged biweekly updates to keep the community informed.<\/p>\n\n\n\n<hr class=\"wp-block-separator has-alpha-channel-opacity\"\/>\n\n\n\n<p>Renovating Puerto Vallarta\u2019s Malec\u00f3n is more than an aesthetic upgrade\u2014it\u2019s a strategic investment to reinforce the city's status as one of Mexico\u2019s premier tourist destinations. A safer, better-lit, and more functional promenade will benefit not only visitors but also local residents who enjoy and call this vibrant city home.<\/p>","protected":false},"excerpt":{"rendered":"<p>Puerto Vallarta apuesta fuerte por uno de sus \u00edconos m\u00e1s queridos: el Malec\u00f3n. Con una inversi\u00f3n superior a 18 millones de pesos, el Ayuntamiento ha iniciado un ambicioso proyecto de renovaci\u00f3n que transformar\u00e1 este emblem\u00e1tico paseo mar\u00edtimo en un espacio m\u00e1s seguro, atractivo y funcional, justo a tiempo para la temporada alta de invierno. \u00bfPor [&hellip;]<\/p>\n","protected":false},"author":3,"featured_media":12529,"comment_status":"open","ping_status":"open","sticky":false,"template":"","format":"standard","meta":{"_joinchat":[],"footnotes":""},"categories":[296],"tags":[],"class_list":["post-12569","post","type-post","status-publish","format-standard","has-post-thumbnail","hentry","category-puerto-vallarta"],"yoast_head":"<!-- This site is optimized with the Yoast SEO Premium plugin v20.8 (Yoast SEO v27.2) - https:\/\/yoast.com\/product\/yoast-seo-premium-wordpress\/ -->\n<title>Renuevan el Malec\u00f3n de Puerto Vallarta con inversi\u00f3n millonaria para impulsar el turismo - Property Journal<\/title>\n<meta name=\"description\" content=\"Con una inversi\u00f3n de 18 mdp, se inicia la renovaci\u00f3n del Malec\u00f3n de Puerto Vallarta para mejorar su seguridad y atractivo tur\u00edstico.\" \/>\n<meta name=\"robots\" content=\"index, follow, max-snippet:-1, max-image-preview:large, max-video-preview:-1\" \/>\n<link rel=\"canonical\" href=\"https:\/\/propertyjournal.com.mx\/en\/malecon-puerto-vallarta-renovacion-2025\/\" \/>\n<meta property=\"og:locale\" content=\"en_US\" \/>\n<meta property=\"og:type\" content=\"article\" \/>\n<meta property=\"og:title\" content=\"Renuevan el Malec\u00f3n de Puerto Vallarta con inversi\u00f3n millonaria para impulsar el turismo\" \/>\n<meta property=\"og:description\" content=\"Con una inversi\u00f3n de 18 mdp, se inicia la renovaci\u00f3n del Malec\u00f3n de Puerto Vallarta para mejorar su seguridad y atractivo tur\u00edstico.\" \/>\n<meta property=\"og:url\" content=\"https:\/\/propertyjournal.com.mx\/en\/malecon-puerto-vallarta-renovacion-2025\/\" \/>\n<meta property=\"og:site_name\" content=\"Property Journal\" \/>\n<meta property=\"article:publisher\" content=\"https:\/\/www.facebook.com\/propertyjournalmx\" \/>\n<meta property=\"article:published_time\" content=\"2025-06-10T17:53:46+00:00\" \/>\n<meta property=\"article:modified_time\" content=\"2025-06-10T20:27:33+00:00\" \/>\n<meta property=\"og:image\" content=\"https:\/\/propertyjournal.com.mx\/wp-content\/uploads\/2025\/06\/jalisco-anuncia-38-nuevos-hoteles-en-puerto-vallarta-property-journal.jpg\" \/>\n\t<meta property=\"og:image:width\" content=\"1080\" \/>\n\t<meta property=\"og:image:height\" content=\"720\" \/>\n\t<meta property=\"og:image:type\" content=\"image\/jpeg\" \/>\n<meta name=\"author\" content=\"Property Journal\" \/>\n<meta name=\"twitter:card\" content=\"summary_large_image\" \/>\n<meta name=\"twitter:label1\" content=\"Written by\" \/>\n\t<meta name=\"twitter:data1\" content=\"Property Journal\" \/>\n\t<meta name=\"twitter:label2\" content=\"Est. reading time\" \/>\n\t<meta name=\"twitter:data2\" content=\"3 minutes\" \/>\n<script type=\"application\/ld+json\" class=\"yoast-schema-graph\">{\"@context\":\"https:\/\/schema.org\",\"@graph\":[{\"@type\":\"Article\",\"@id\":\"https:\/\/propertyjournal.com.mx\/malecon-puerto-vallarta-renovacion-2025\/#article\",\"isPartOf\":{\"@id\":\"https:\/\/propertyjournal.com.mx\/malecon-puerto-vallarta-renovacion-2025\/\"},\"author\":{\"name\":\"Property Journal\",\"@id\":\"https:\/\/propertyjournal.com.mx\/en\/#\/schema\/person\/ca6923a448dc0724eb4c1ccd2e9e8201\"},\"headline\":\"Renuevan el Malec\u00f3n de Puerto Vallarta con inversi\u00f3n millonaria para impulsar el turismo\",\"datePublished\":\"2025-06-10T17:53:46+00:00\",\"dateModified\":\"2025-06-10T20:27:33+00:00\",\"mainEntityOfPage\":{\"@id\":\"https:\/\/propertyjournal.com.mx\/malecon-puerto-vallarta-renovacion-2025\/\"},\"wordCount\":526,\"commentCount\":0,\"publisher\":{\"@id\":\"https:\/\/propertyjournal.com.mx\/en\/#organization\"},\"image\":{\"@id\":\"https:\/\/propertyjournal.com.mx\/malecon-puerto-vallarta-renovacion-2025\/#primaryimage\"},\"thumbnailUrl\":\"https:\/\/propertyjournal.com.mx\/wp-content\/uploads\/2025\/06\/jalisco-anuncia-38-nuevos-hoteles-en-puerto-vallarta-property-journal.jpg\",\"articleSection\":[\"Puerto Vallarta \/ Nayarit\"],\"inLanguage\":\"en-US\",\"potentialAction\":[{\"@type\":\"CommentAction\",\"name\":\"Comment\",\"target\":[\"https:\/\/propertyjournal.com.mx\/malecon-puerto-vallarta-renovacion-2025\/#respond\"]}]},{\"@type\":\"WebPage\",\"@id\":\"https:\/\/propertyjournal.com.mx\/malecon-puerto-vallarta-renovacion-2025\/\",\"url\":\"https:\/\/propertyjournal.com.mx\/malecon-puerto-vallarta-renovacion-2025\/\",\"name\":\"Renuevan el Malec\u00f3n de Puerto Vallarta con inversi\u00f3n millonaria para impulsar el turismo - Property Journal\",\"isPartOf\":{\"@id\":\"https:\/\/propertyjournal.com.mx\/en\/#website\"},\"primaryImageOfPage\":{\"@id\":\"https:\/\/propertyjournal.com.mx\/malecon-puerto-vallarta-renovacion-2025\/#primaryimage\"},\"image\":{\"@id\":\"https:\/\/propertyjournal.com.mx\/malecon-puerto-vallarta-renovacion-2025\/#primaryimage\"},\"thumbnailUrl\":\"https:\/\/propertyjournal.com.mx\/wp-content\/uploads\/2025\/06\/jalisco-anuncia-38-nuevos-hoteles-en-puerto-vallarta-property-journal.jpg\",\"datePublished\":\"2025-06-10T17:53:46+00:00\",\"dateModified\":\"2025-06-10T20:27:33+00:00\",\"description\":\"Con una inversi\u00f3n de 18 mdp, se inicia la renovaci\u00f3n del Malec\u00f3n de Puerto Vallarta para mejorar su seguridad y atractivo tur\u00edstico.\",\"breadcrumb\":{\"@id\":\"https:\/\/propertyjournal.com.mx\/malecon-puerto-vallarta-renovacion-2025\/#breadcrumb\"},\"inLanguage\":\"en-US\",\"potentialAction\":[{\"@type\":\"ReadAction\",\"target\":[\"https:\/\/propertyjournal.com.mx\/malecon-puerto-vallarta-renovacion-2025\/\"]}]},{\"@type\":\"ImageObject\",\"inLanguage\":\"en-US\",\"@id\":\"https:\/\/propertyjournal.com.mx\/malecon-puerto-vallarta-renovacion-2025\/#primaryimage\",\"url\":\"https:\/\/propertyjournal.com.mx\/wp-content\/uploads\/2025\/06\/jalisco-anuncia-38-nuevos-hoteles-en-puerto-vallarta-property-journal.jpg\",\"contentUrl\":\"https:\/\/propertyjournal.com.mx\/wp-content\/uploads\/2025\/06\/jalisco-anuncia-38-nuevos-hoteles-en-puerto-vallarta-property-journal.jpg\",\"width\":1080,\"height\":720,\"caption\":\"renuevan-malecon-de-puerto-vallarta\"},{\"@type\":\"BreadcrumbList\",\"@id\":\"https:\/\/propertyjournal.com.mx\/malecon-puerto-vallarta-renovacion-2025\/#breadcrumb\",\"itemListElement\":[{\"@type\":\"ListItem\",\"position\":1,\"name\":\"Home\",\"item\":\"https:\/\/propertyjournal.com.mx\/\"},{\"@type\":\"ListItem\",\"position\":2,\"name\":\"Renuevan el Malec\u00f3n de Puerto Vallarta con inversi\u00f3n millonaria para impulsar el turismo\"}]},{\"@type\":\"WebSite\",\"@id\":\"https:\/\/propertyjournal.com.mx\/en\/#website\",\"url\":\"https:\/\/propertyjournal.com.mx\/en\/\",\"name\":\"Property Journal\",\"description\":\"News Real Estate\",\"publisher\":{\"@id\":\"https:\/\/propertyjournal.com.mx\/en\/#organization\"},\"potentialAction\":[{\"@type\":\"SearchAction\",\"target\":{\"@type\":\"EntryPoint\",\"urlTemplate\":\"https:\/\/propertyjournal.com.mx\/en\/?s={search_term_string}\"},\"query-input\":{\"@type\":\"PropertyValueSpecification\",\"valueRequired\":true,\"valueName\":\"search_term_string\"}}],\"inLanguage\":\"en-US\"},{\"@type\":\"Organization\",\"@id\":\"https:\/\/propertyjournal.com.mx\/en\/#organization\",\"name\":\"Property Journal\",\"url\":\"https:\/\/propertyjournal.com.mx\/en\/\",\"logo\":{\"@type\":\"ImageObject\",\"inLanguage\":\"en-US\",\"@id\":\"https:\/\/propertyjournal.com.mx\/en\/#\/schema\/logo\/image\/\",\"url\":\"https:\/\/propertyjournal.com.mx\/wp-content\/uploads\/2023\/04\/logo2-property-journal.png\",\"contentUrl\":\"https:\/\/propertyjournal.com.mx\/wp-content\/uploads\/2023\/04\/logo2-property-journal.png\",\"width\":380,\"height\":180,\"caption\":\"Property Journal\"},\"image\":{\"@id\":\"https:\/\/propertyjournal.com.mx\/en\/#\/schema\/logo\/image\/\"},\"sameAs\":[\"https:\/\/www.facebook.com\/propertyjournalmx\",\"https:\/\/www.instagram.com\/propertyjournalmx\/\"]},{\"@type\":\"Person\",\"@id\":\"https:\/\/propertyjournal.com.mx\/en\/#\/schema\/person\/ca6923a448dc0724eb4c1ccd2e9e8201\",\"name\":\"Property Journal\",\"image\":{\"@type\":\"ImageObject\",\"inLanguage\":\"en-US\",\"@id\":\"https:\/\/propertyjournal.com.mx\/wp-content\/litespeed\/avatar\/92a947da4e17221d7d35fe8c0373b90d.jpg?ver=1777541797\",\"url\":\"https:\/\/propertyjournal.com.mx\/wp-content\/litespeed\/avatar\/92a947da4e17221d7d35fe8c0373b90d.jpg?ver=1777541797\",\"contentUrl\":\"https:\/\/propertyjournal.com.mx\/wp-content\/litespeed\/avatar\/92a947da4e17221d7d35fe8c0373b90d.jpg?ver=1777541797\",\"caption\":\"Property Journal\"},\"url\":\"https:\/\/propertyjournal.com.mx\/en\/author\/camila\/\"}]}<\/script>\n<!-- \/ Yoast SEO Premium plugin. -->","yoast_head_json":{"title":"Renuevan el Malec\u00f3n de Puerto Vallarta con inversi\u00f3n millonaria para impulsar el turismo - Property Journal","description":"Con una inversi\u00f3n de 18 mdp, se inicia la renovaci\u00f3n del Malec\u00f3n de Puerto Vallarta para mejorar su seguridad y atractivo tur\u00edstico.","robots":{"index":"index","follow":"follow","max-snippet":"max-snippet:-1","max-image-preview":"max-image-preview:large","max-video-preview":"max-video-preview:-1"},"canonical":"https:\/\/propertyjournal.com.mx\/en\/malecon-puerto-vallarta-renovacion-2025\/","og_locale":"en_US","og_type":"article","og_title":"Renuevan el Malec\u00f3n de Puerto Vallarta con inversi\u00f3n millonaria para impulsar el turismo","og_description":"Con una inversi\u00f3n de 18 mdp, se inicia la renovaci\u00f3n del Malec\u00f3n de Puerto Vallarta para mejorar su seguridad y atractivo tur\u00edstico.","og_url":"https:\/\/propertyjournal.com.mx\/en\/malecon-puerto-vallarta-renovacion-2025\/","og_site_name":"Property Journal","article_publisher":"https:\/\/www.facebook.com\/propertyjournalmx","article_published_time":"2025-06-10T17:53:46+00:00","article_modified_time":"2025-06-10T20:27:33+00:00","og_image":[{"width":1080,"height":720,"url":"https:\/\/propertyjournal.com.mx\/wp-content\/uploads\/2025\/06\/jalisco-anuncia-38-nuevos-hoteles-en-puerto-vallarta-property-journal.jpg","type":"image\/jpeg"}],"author":"Property Journal","twitter_card":"summary_large_image","twitter_misc":{"Written by":"Property Journal","Est. reading time":"3 minutes"},"schema":{"@context":"https:\/\/schema.org","@graph":[{"@type":"Article","@id":"https:\/\/propertyjournal.com.mx\/malecon-puerto-vallarta-renovacion-2025\/#article","isPartOf":{"@id":"https:\/\/propertyjournal.com.mx\/malecon-puerto-vallarta-renovacion-2025\/"},"author":{"name":"Property Journal","@id":"https:\/\/propertyjournal.com.mx\/en\/#\/schema\/person\/ca6923a448dc0724eb4c1ccd2e9e8201"},"headline":"Renuevan el Malec\u00f3n de Puerto Vallarta con inversi\u00f3n millonaria para impulsar el turismo","datePublished":"2025-06-10T17:53:46+00:00","dateModified":"2025-06-10T20:27:33+00:00","mainEntityOfPage":{"@id":"https:\/\/propertyjournal.com.mx\/malecon-puerto-vallarta-renovacion-2025\/"},"wordCount":526,"commentCount":0,"publisher":{"@id":"https:\/\/propertyjournal.com.mx\/en\/#organization"},"image":{"@id":"https:\/\/propertyjournal.com.mx\/malecon-puerto-vallarta-renovacion-2025\/#primaryimage"},"thumbnailUrl":"https:\/\/propertyjournal.com.mx\/wp-content\/uploads\/2025\/06\/jalisco-anuncia-38-nuevos-hoteles-en-puerto-vallarta-property-journal.jpg","articleSection":["Puerto Vallarta \/ Nayarit"],"inLanguage":"en-US","potentialAction":[{"@type":"CommentAction","name":"Comment","target":["https:\/\/propertyjournal.com.mx\/malecon-puerto-vallarta-renovacion-2025\/#respond"]}]},{"@type":"WebPage","@id":"https:\/\/propertyjournal.com.mx\/malecon-puerto-vallarta-renovacion-2025\/","url":"https:\/\/propertyjournal.com.mx\/malecon-puerto-vallarta-renovacion-2025\/","name":"Renuevan el Malec\u00f3n de Puerto Vallarta con inversi\u00f3n millonaria para impulsar el turismo - Property Journal","isPartOf":{"@id":"https:\/\/propertyjournal.com.mx\/en\/#website"},"primaryImageOfPage":{"@id":"https:\/\/propertyjournal.com.mx\/malecon-puerto-vallarta-renovacion-2025\/#primaryimage"},"image":{"@id":"https:\/\/propertyjournal.com.mx\/malecon-puerto-vallarta-renovacion-2025\/#primaryimage"},"thumbnailUrl":"https:\/\/propertyjournal.com.mx\/wp-content\/uploads\/2025\/06\/jalisco-anuncia-38-nuevos-hoteles-en-puerto-vallarta-property-journal.jpg","datePublished":"2025-06-10T17:53:46+00:00","dateModified":"2025-06-10T20:27:33+00:00","description":"Con una inversi\u00f3n de 18 mdp, se inicia la renovaci\u00f3n del Malec\u00f3n de Puerto Vallarta para mejorar su seguridad y atractivo tur\u00edstico.","breadcrumb":{"@id":"https:\/\/propertyjournal.com.mx\/malecon-puerto-vallarta-renovacion-2025\/#breadcrumb"},"inLanguage":"en-US","potentialAction":[{"@type":"ReadAction","target":["https:\/\/propertyjournal.com.mx\/malecon-puerto-vallarta-renovacion-2025\/"]}]},{"@type":"ImageObject","inLanguage":"en-US","@id":"https:\/\/propertyjournal.com.mx\/malecon-puerto-vallarta-renovacion-2025\/#primaryimage","url":"https:\/\/propertyjournal.com.mx\/wp-content\/uploads\/2025\/06\/jalisco-anuncia-38-nuevos-hoteles-en-puerto-vallarta-property-journal.jpg","contentUrl":"https:\/\/propertyjournal.com.mx\/wp-content\/uploads\/2025\/06\/jalisco-anuncia-38-nuevos-hoteles-en-puerto-vallarta-property-journal.jpg","width":1080,"height":720,"caption":"renuevan-malecon-de-puerto-vallarta"},{"@type":"BreadcrumbList","@id":"https:\/\/propertyjournal.com.mx\/malecon-puerto-vallarta-renovacion-2025\/#breadcrumb","itemListElement":[{"@type":"ListItem","position":1,"name":"Home","item":"https:\/\/propertyjournal.com.mx\/"},{"@type":"ListItem","position":2,"name":"Renuevan el Malec\u00f3n de Puerto Vallarta con inversi\u00f3n millonaria para impulsar el turismo"}]},{"@type":"WebSite","@id":"https:\/\/propertyjournal.com.mx\/en\/#website","url":"https:\/\/propertyjournal.com.mx\/en\/","name":"Property Journal","description":"News Real Estate","publisher":{"@id":"https:\/\/propertyjournal.com.mx\/en\/#organization"},"potentialAction":[{"@type":"SearchAction","target":{"@type":"EntryPoint","urlTemplate":"https:\/\/propertyjournal.com.mx\/en\/?s={search_term_string}"},"query-input":{"@type":"PropertyValueSpecification","valueRequired":true,"valueName":"search_term_string"}}],"inLanguage":"en-US"},{"@type":"Organization","@id":"https:\/\/propertyjournal.com.mx\/en\/#organization","name":"Property Journal","url":"https:\/\/propertyjournal.com.mx\/en\/","logo":{"@type":"ImageObject","inLanguage":"en-US","@id":"https:\/\/propertyjournal.com.mx\/en\/#\/schema\/logo\/image\/","url":"https:\/\/propertyjournal.com.mx\/wp-content\/uploads\/2023\/04\/logo2-property-journal.png","contentUrl":"https:\/\/propertyjournal.com.mx\/wp-content\/uploads\/2023\/04\/logo2-property-journal.png","width":380,"height":180,"caption":"Property Journal"},"image":{"@id":"https:\/\/propertyjournal.com.mx\/en\/#\/schema\/logo\/image\/"},"sameAs":["https:\/\/www.facebook.com\/propertyjournalmx","https:\/\/www.instagram.com\/propertyjournalmx\/"]},{"@type":"Person","@id":"https:\/\/propertyjournal.com.mx\/en\/#\/schema\/person\/ca6923a448dc0724eb4c1ccd2e9e8201","name":"Property Journal","image":{"@type":"ImageObject","inLanguage":"en-US","@id":"https:\/\/propertyjournal.com.mx\/wp-content\/litespeed\/avatar\/92a947da4e17221d7d35fe8c0373b90d.jpg?ver=1777541797","url":"https:\/\/propertyjournal.com.mx\/wp-content\/litespeed\/avatar\/92a947da4e17221d7d35fe8c0373b90d.jpg?ver=1777541797","contentUrl":"https:\/\/propertyjournal.com.mx\/wp-content\/litespeed\/avatar\/92a947da4e17221d7d35fe8c0373b90d.jpg?ver=1777541797","caption":"Property Journal"},"url":"https:\/\/propertyjournal.com.mx\/en\/author\/camila\/"}]}},"_links":{"self":[{"href":"https:\/\/propertyjournal.com.mx\/en\/wp-json\/wp\/v2\/posts\/12569","targetHints":{"allow":["GET"]}}],"collection":[{"href":"https:\/\/propertyjournal.com.mx\/en\/wp-json\/wp\/v2\/posts"}],"about":[{"href":"https:\/\/propertyjournal.com.mx\/en\/wp-json\/wp\/v2\/types\/post"}],"author":[{"embeddable":true,"href":"https:\/\/propertyjournal.com.mx\/en\/wp-json\/wp\/v2\/users\/3"}],"replies":[{"embeddable":true,"href":"https:\/\/propertyjournal.com.mx\/en\/wp-json\/wp\/v2\/comments?post=12569"}],"version-history":[{"count":2,"href":"https:\/\/propertyjournal.com.mx\/en\/wp-json\/wp\/v2\/posts\/12569\/revisions"}],"predecessor-version":[{"id":12571,"href":"https:\/\/propertyjournal.com.mx\/en\/wp-json\/wp\/v2\/posts\/12569\/revisions\/12571"}],"wp:featuredmedia":[{"embeddable":true,"href":"https:\/\/propertyjournal.com.mx\/en\/wp-json\/wp\/v2\/media\/12529"}],"wp:attachment":[{"href":"https:\/\/propertyjournal.com.mx\/en\/wp-json\/wp\/v2\/media?parent=12569"}],"wp:term":[{"taxonomy":"category","embeddable":true,"href":"https:\/\/propertyjournal.com.mx\/en\/wp-json\/wp\/v2\/categories?post=12569"},{"taxonomy":"post_tag","embeddable":true,"href":"https:\/\/propertyjournal.com.mx\/en\/wp-json\/wp\/v2\/tags?post=12569"}],"curies":[{"name":"wp","href":"https:\/\/api.w.org\/{rel}","templated":true}]}}