{"id":13907,"date":"2026-03-12T19:23:51","date_gmt":"2026-03-12T19:23:51","guid":{"rendered":"https:\/\/propertyjournal.com.mx\/?p=13907"},"modified":"2026-03-12T19:40:39","modified_gmt":"2026-03-12T19:40:39","slug":"smiljan-radic-pritzker-2026-arquitectura-fragilidad","status":"publish","type":"post","link":"https:\/\/propertyjournal.com.mx\/en\/smiljan-radic-pritzker-2026-arquitectura-fragilidad\/","title":{"rendered":"The 2026 Pritzker Prize Honors the Poetics of Smiljan Radi\u0107"},"content":{"rendered":"<h2 class=\"wp-block-heading\"><strong>Smiljan Radi\u0107 Wins the 2026 Pritzker Prize: The Architect of Fragility<\/strong><\/h2>\n\n\n\n<p>In a decision many critics interpret as a return to the poetic dimension of architecture, the Hyatt Foundation announced that <strong>Smiljan Radi\u0107 Clarke<\/strong> is the winner of the <strong><a href=\"https:\/\/www.pritzkerprize.com\/\">2026 Pritzker Architecture Prize<\/a><\/strong>, the discipline's most prestigious award worldwide.<\/p>\n\n\n\n<p>The jury highlighted a body of work that combines <strong>material experimentation, sensitivity to the landscape, and a profound emotional charge<\/strong>\u2014traits that have defined Smiljan Radi\u0107's career for more than three decades.<\/p>\n\n\n\n<hr class=\"wp-block-separator has-alpha-channel-opacity\"\/>\n\n\n\n<h2 class=\"wp-block-heading\">Architecture from Fragility<\/h2>\n\n\n\n<p>The Pritzker Prize jury highlighted one of the central ideas in Smiljan Radi\u0107's work: architecture as conscious fragility.<\/p>\n\n\n\n<p>In contrast to the monumentality that dominates much of contemporary architecture, his work is characterized by buildings that appear light, incomplete, or temporary, but which in reality construct profoundly protective and human spaces.<\/p>\n\n\n\n<p>According to the jury's statement:<\/p>\n\n\n\n<blockquote class=\"wp-block-quote is-layout-flow wp-block-quote-is-layout-flow\">\n<p>\u201cRadi\u0107 favors fragility over any pretense of certainty. His buildings appear temporary or deliberately unfinished, but they offer a structured and quietly joyful refuge.\u201d<\/p>\n<\/blockquote>\n\n\n\n<p>This philosophy has made Smiljan Radi\u0107's work a benchmark for a generation of architects interested in exploring architecture as an <strong>emotional experience<\/strong> rather than a formal spectacle.<\/p>\n\n\n\n<hr class=\"wp-block-separator has-alpha-channel-opacity\"\/>\n\n\n\n<h2 class=\"wp-block-heading\">From Santiago to the World<\/h2>\n\n\n\n<p>Born in Santiago, Chile, in 1965, Smiljan Radi\u0107 graduated from the Pontifical Catholic University of Chile in 1989 and later continued his studies at the University Institute of Architecture of Venice.<\/p>\n\n\n\n<p>In 1995, he founded his studio in Santiago, from where he has developed a practice that ranges from <strong>experimental residences and cultural installations to public buildings<\/strong>, always in dialogue with the landscape.<\/p>\n\n\n\n<p>Unlike many contemporary architects, Radi\u0107 has kept his studio outside major global centers, building from Chile an architectural language that has captured the attention of international critics.<\/p>\n\n\n\n<hr class=\"wp-block-separator has-alpha-channel-opacity\"\/>\n\n\n\n<h2 class=\"wp-block-heading\">Architecture of Materials and Atmospheres<\/h2>\n\n\n\n<p>One of the most distinctive features of Smiljan Radi\u0107's work is his sensory exploration of materials.<\/p>\n\n\n\n<p>For the Chilean architect, materials are not only building components but also <strong>carriers of cultural memory.<\/strong>.<\/p>\n\n\n\n<p>Among the materials he uses most frequently are:<\/p>\n\n\n\n<ul class=\"wp-block-list\">\n<li>Natural stone and rock integrated into the terrain<\/li>\n\n\n\n<li>Wood for its warmth and expressiveness<\/li>\n\n\n\n<li>Exposed concrete in sculptural volumes<\/li>\n\n\n\n<li>Metals and copper linked to Chile's mining tradition<\/li>\n\n\n\n<li>Translucent membranes that create luminous atmospheres<\/li>\n<\/ul>\n\n\n\n<p>The result is an architecture that seems to emerge from the landscape, closer to an <strong>artistic intervention<\/strong> than a conventional architectural object.<\/p>\n\n\n\n<hr class=\"wp-block-separator has-alpha-channel-opacity\"\/>\n\n\n\n<h2 class=\"wp-block-heading\">Works that defined his career<\/h2>\n\n\n\n<p>Throughout his career, Smiljan Radi\u0107 has developed projects that combine architecture, art, and landscape.<\/p>\n\n\n\n<p>Among the most influential are:<\/p>\n\n\n\n<figure class=\"wp-block-gallery has-nested-images columns-default is-cropped wp-block-gallery-1 is-layout-flex wp-block-gallery-is-layout-flex\">\n<figure class=\"wp-block-image size-large\"><img fetchpriority=\"high\" decoding=\"async\" width=\"1024\" height=\"683\" data-id=\"13922\" src=\"https:\/\/propertyjournal.com.mx\/wp-content\/uploads\/2026\/03\/restaurante-mestizo-chile-Smiljan-Radic-1024x683.jpg\" alt=\"restaurante-mestizo-chile-smiljan radic\" class=\"wp-image-13922\" srcset=\"https:\/\/propertyjournal.com.mx\/wp-content\/uploads\/2026\/03\/restaurante-mestizo-chile-Smiljan-Radic-1024x683.jpg 1024w, https:\/\/propertyjournal.com.mx\/wp-content\/uploads\/2026\/03\/restaurante-mestizo-chile-Smiljan-Radic-300x200.jpg 300w, https:\/\/propertyjournal.com.mx\/wp-content\/uploads\/2026\/03\/restaurante-mestizo-chile-Smiljan-Radic-768x512.jpg 768w, https:\/\/propertyjournal.com.mx\/wp-content\/uploads\/2026\/03\/restaurante-mestizo-chile-Smiljan-Radic-18x12.jpg 18w, https:\/\/propertyjournal.com.mx\/wp-content\/uploads\/2026\/03\/restaurante-mestizo-chile-Smiljan-Radic-555x370.jpg 555w, https:\/\/propertyjournal.com.mx\/wp-content\/uploads\/2026\/03\/restaurante-mestizo-chile-Smiljan-Radic.jpg 1080w\" sizes=\"(max-width: 1024px) 100vw, 1024px\" \/><\/figure>\n\n\n\n<figure class=\"wp-block-image size-large\"><img decoding=\"async\" width=\"730\" height=\"396\" data-id=\"13923\" src=\"https:\/\/propertyjournal.com.mx\/wp-content\/uploads\/2026\/03\/2371672492-a687e6289a-b-730x396_1553247590.jpg\" alt=\"restaurante-mestizo-chile-smiljan radic\" class=\"wp-image-13923\" srcset=\"https:\/\/propertyjournal.com.mx\/wp-content\/uploads\/2026\/03\/2371672492-a687e6289a-b-730x396_1553247590.jpg 730w, https:\/\/propertyjournal.com.mx\/wp-content\/uploads\/2026\/03\/2371672492-a687e6289a-b-730x396_1553247590-300x163.jpg 300w, https:\/\/propertyjournal.com.mx\/wp-content\/uploads\/2026\/03\/2371672492-a687e6289a-b-730x396_1553247590-18x10.jpg 18w\" sizes=\"(max-width: 730px) 100vw, 730px\" \/><\/figure>\n<\/figure>\n\n\n<div class=\"wp-block-image\">\n<figure class=\"aligncenter size-large is-resized\"><img decoding=\"async\" width=\"1024\" height=\"478\" src=\"https:\/\/propertyjournal.com.mx\/wp-content\/uploads\/2026\/03\/mestizo-1024x478.png\" alt=\"restaurante-mestizo-chile-smiljan radic\" class=\"wp-image-13924\" style=\"width:1064px;height:auto\" srcset=\"https:\/\/propertyjournal.com.mx\/wp-content\/uploads\/2026\/03\/mestizo-1024x478.png 1024w, https:\/\/propertyjournal.com.mx\/wp-content\/uploads\/2026\/03\/mestizo-300x140.png 300w, https:\/\/propertyjournal.com.mx\/wp-content\/uploads\/2026\/03\/mestizo-768x359.png 768w, https:\/\/propertyjournal.com.mx\/wp-content\/uploads\/2026\/03\/mestizo-1536x718.png 1536w, https:\/\/propertyjournal.com.mx\/wp-content\/uploads\/2026\/03\/mestizo-2048x957.png 2048w, https:\/\/propertyjournal.com.mx\/wp-content\/uploads\/2026\/03\/mestizo-18x8.png 18w\" sizes=\"(max-width: 1024px) 100vw, 1024px\" \/><figcaption class=\"wp-element-caption\">Mestizo<\/figcaption><\/figure><\/div>\n\n\n<p><\/p>\n\n\n\n<p><strong>Mestizo Restaurant \u2014 Santiago (2006)<\/strong><br>A building where enormous granite rocks function as structural columns, merging the primitive with contemporary engineering.<\/p>\n\n\n<div class=\"wp-block-image\">\n<figure class=\"aligncenter size-large is-resized\"><img loading=\"lazy\" decoding=\"async\" width=\"1024\" height=\"683\" src=\"https:\/\/propertyjournal.com.mx\/wp-content\/uploads\/2026\/03\/serpentine-gallery-smiljan-radic-1024x683.jpg\" alt=\"serpentine-gallery-smiljan-radic\" class=\"wp-image-13932\" style=\"width:829px;height:auto\" srcset=\"https:\/\/propertyjournal.com.mx\/wp-content\/uploads\/2026\/03\/serpentine-gallery-smiljan-radic-1024x683.jpg 1024w, https:\/\/propertyjournal.com.mx\/wp-content\/uploads\/2026\/03\/serpentine-gallery-smiljan-radic-300x200.jpg 300w, https:\/\/propertyjournal.com.mx\/wp-content\/uploads\/2026\/03\/serpentine-gallery-smiljan-radic-768x512.jpg 768w, https:\/\/propertyjournal.com.mx\/wp-content\/uploads\/2026\/03\/serpentine-gallery-smiljan-radic-18x12.jpg 18w, https:\/\/propertyjournal.com.mx\/wp-content\/uploads\/2026\/03\/serpentine-gallery-smiljan-radic-555x370.jpg 555w, https:\/\/propertyjournal.com.mx\/wp-content\/uploads\/2026\/03\/serpentine-gallery-smiljan-radic.jpg 1080w\" sizes=\"(max-width: 1024px) 100vw, 1024px\" \/><figcaption class=\"wp-element-caption\">Serpentine Pavilion<\/figcaption><\/figure><\/div>\n\n\n<p><strong>Serpentine Pavilion \u2014 London (2014)<\/strong><br>A circular and semi-translucent structure that seemed to levitate above large quarry stones, becoming one of the most talked-about architectural installations of the decade.<\/p>\n\n\n<div class=\"wp-block-image\">\n<figure class=\"aligncenter size-large\"><img loading=\"lazy\" decoding=\"async\" width=\"1024\" height=\"683\" src=\"https:\/\/propertyjournal.com.mx\/wp-content\/uploads\/2026\/03\/Teatro-Regional-del-Biobio-smiljan-1024x683.jpg\" alt=\"Teatro-Regional-del-Biobio-smiljan\" class=\"wp-image-13945\" srcset=\"https:\/\/propertyjournal.com.mx\/wp-content\/uploads\/2026\/03\/Teatro-Regional-del-Biobio-smiljan-1024x683.jpg 1024w, https:\/\/propertyjournal.com.mx\/wp-content\/uploads\/2026\/03\/Teatro-Regional-del-Biobio-smiljan-300x200.jpg 300w, https:\/\/propertyjournal.com.mx\/wp-content\/uploads\/2026\/03\/Teatro-Regional-del-Biobio-smiljan-768x512.jpg 768w, https:\/\/propertyjournal.com.mx\/wp-content\/uploads\/2026\/03\/Teatro-Regional-del-Biobio-smiljan-18x12.jpg 18w, https:\/\/propertyjournal.com.mx\/wp-content\/uploads\/2026\/03\/Teatro-Regional-del-Biobio-smiljan-555x370.jpg 555w, https:\/\/propertyjournal.com.mx\/wp-content\/uploads\/2026\/03\/Teatro-Regional-del-Biobio-smiljan.jpg 1080w\" sizes=\"(max-width: 1024px) 100vw, 1024px\" \/><figcaption class=\"wp-element-caption\">Biobio Regional Theatre<\/figcaption><\/figure><\/div>\n\n\n<p><strong>Biobio Regional Theatre \u2014 Concepci\u00f3n (2018)<\/strong><br>A cultural building wrapped in a translucent membrane that shines like an urban lantern.<\/p>\n\n\n\n<figure class=\"wp-block-gallery has-nested-images columns-default is-cropped wp-block-gallery-2 is-layout-flex wp-block-gallery-is-layout-flex\">\n<figure class=\"wp-block-image size-large\"><img loading=\"lazy\" decoding=\"async\" width=\"1024\" height=\"683\" data-id=\"13946\" src=\"https:\/\/propertyjournal.com.mx\/wp-content\/uploads\/2026\/03\/251105-web-4-1024x683.jpg\" alt=\"\" class=\"wp-image-13946\" srcset=\"https:\/\/propertyjournal.com.mx\/wp-content\/uploads\/2026\/03\/251105-web-4-1024x683.jpg 1024w, https:\/\/propertyjournal.com.mx\/wp-content\/uploads\/2026\/03\/251105-web-4-300x200.jpg 300w, https:\/\/propertyjournal.com.mx\/wp-content\/uploads\/2026\/03\/251105-web-4-768x512.jpg 768w, https:\/\/propertyjournal.com.mx\/wp-content\/uploads\/2026\/03\/251105-web-4-18x12.jpg 18w, https:\/\/propertyjournal.com.mx\/wp-content\/uploads\/2026\/03\/251105-web-4-555x370.jpg 555w, https:\/\/propertyjournal.com.mx\/wp-content\/uploads\/2026\/03\/251105-web-4.jpg 1100w\" sizes=\"(max-width: 1024px) 100vw, 1024px\" \/><\/figure>\n\n\n\n<figure class=\"wp-block-image size-large\"><img loading=\"lazy\" decoding=\"async\" width=\"1024\" height=\"683\" data-id=\"13947\" src=\"https:\/\/propertyjournal.com.mx\/wp-content\/uploads\/2026\/03\/251105-web-3-1024x683.jpg\" alt=\"\" class=\"wp-image-13947\" srcset=\"https:\/\/propertyjournal.com.mx\/wp-content\/uploads\/2026\/03\/251105-web-3-1024x683.jpg 1024w, https:\/\/propertyjournal.com.mx\/wp-content\/uploads\/2026\/03\/251105-web-3-300x200.jpg 300w, https:\/\/propertyjournal.com.mx\/wp-content\/uploads\/2026\/03\/251105-web-3-768x512.jpg 768w, https:\/\/propertyjournal.com.mx\/wp-content\/uploads\/2026\/03\/251105-web-3-18x12.jpg 18w, https:\/\/propertyjournal.com.mx\/wp-content\/uploads\/2026\/03\/251105-web-3-555x370.jpg 555w, https:\/\/propertyjournal.com.mx\/wp-content\/uploads\/2026\/03\/251105-web-3.jpg 1100w\" sizes=\"(max-width: 1024px) 100vw, 1024px\" \/><\/figure>\n<\/figure>\n\n\n<div class=\"wp-block-image\">\n<figure class=\"aligncenter size-full is-resized\"><img loading=\"lazy\" decoding=\"async\" width=\"800\" height=\"341\" src=\"https:\/\/propertyjournal.com.mx\/wp-content\/uploads\/2026\/03\/657f453657d8b_CP-SR-0515.jpg\" alt=\"peque\u00f1o-edificio-burgues\" class=\"wp-image-13948\" style=\"width:1070px;height:auto\" srcset=\"https:\/\/propertyjournal.com.mx\/wp-content\/uploads\/2026\/03\/657f453657d8b_CP-SR-0515.jpg 800w, https:\/\/propertyjournal.com.mx\/wp-content\/uploads\/2026\/03\/657f453657d8b_CP-SR-0515-300x128.jpg 300w, https:\/\/propertyjournal.com.mx\/wp-content\/uploads\/2026\/03\/657f453657d8b_CP-SR-0515-768x327.jpg 768w, https:\/\/propertyjournal.com.mx\/wp-content\/uploads\/2026\/03\/657f453657d8b_CP-SR-0515-18x8.jpg 18w\" sizes=\"(max-width: 800px) 100vw, 800px\" \/><\/figure><\/div>\n\n\n<p><strong>Small Bourgeois Building \u2014 Santiago (2023)<\/strong><br>His most recent house-studio, conceived as a manifesto on contemporary housing.<\/p>\n\n\n\n<hr class=\"wp-block-separator has-alpha-channel-opacity\"\/>\n\n\n\n<h2 class=\"wp-block-heading\">Impact on Design and the Real Estate Market<\/h2>\n\n\n\n<p>The recognition of Smiljan Radi\u0107 also has <strong>implications for the real estate sector<\/strong> and high-end design.<\/p>\n\n\n\n<p>His collaboration with the fashion house <strong>Alexander McQueen<\/strong> on concept stores demonstrates that signature architecture can become a strategic asset for the luxury market.<\/p>\n\n\n\n<p>For developers and global brands, his work confirms a growing trend: <strong>iconic architecture has become a positioning tool for premium commercial, cultural, and residential projects.<\/strong><\/p>\n\n\n\n<figure class=\"wp-block-gallery has-nested-images columns-default is-cropped wp-block-gallery-3 is-layout-flex wp-block-gallery-is-layout-flex\">\n<figure class=\"wp-block-image size-large\"><img loading=\"lazy\" decoding=\"async\" width=\"818\" height=\"1022\" data-id=\"13949\" src=\"https:\/\/propertyjournal.com.mx\/wp-content\/uploads\/2026\/03\/alexander-mcqueen-bubble-london-designboom-02.jpg\" alt=\"\" class=\"wp-image-13949\" srcset=\"https:\/\/propertyjournal.com.mx\/wp-content\/uploads\/2026\/03\/alexander-mcqueen-bubble-london-designboom-02.jpg 818w, https:\/\/propertyjournal.com.mx\/wp-content\/uploads\/2026\/03\/alexander-mcqueen-bubble-london-designboom-02-240x300.jpg 240w, https:\/\/propertyjournal.com.mx\/wp-content\/uploads\/2026\/03\/alexander-mcqueen-bubble-london-designboom-02-768x960.jpg 768w, https:\/\/propertyjournal.com.mx\/wp-content\/uploads\/2026\/03\/alexander-mcqueen-bubble-london-designboom-02-10x12.jpg 10w\" sizes=\"(max-width: 818px) 100vw, 818px\" \/><\/figure>\n\n\n\n<figure class=\"wp-block-image size-large\"><img loading=\"lazy\" decoding=\"async\" width=\"819\" height=\"1024\" data-id=\"13950\" src=\"https:\/\/propertyjournal.com.mx\/wp-content\/uploads\/2026\/03\/London-Skies-Smiljan-Radic-Alexander-McQueen-02-819x1024.jpg\" alt=\"\" class=\"wp-image-13950\" srcset=\"https:\/\/propertyjournal.com.mx\/wp-content\/uploads\/2026\/03\/London-Skies-Smiljan-Radic-Alexander-McQueen-02-819x1024.jpg 819w, https:\/\/propertyjournal.com.mx\/wp-content\/uploads\/2026\/03\/London-Skies-Smiljan-Radic-Alexander-McQueen-02-240x300.jpg 240w, https:\/\/propertyjournal.com.mx\/wp-content\/uploads\/2026\/03\/London-Skies-Smiljan-Radic-Alexander-McQueen-02-768x960.jpg 768w, https:\/\/propertyjournal.com.mx\/wp-content\/uploads\/2026\/03\/London-Skies-Smiljan-Radic-Alexander-McQueen-02-10x12.jpg 10w, https:\/\/propertyjournal.com.mx\/wp-content\/uploads\/2026\/03\/London-Skies-Smiljan-Radic-Alexander-McQueen-02.jpg 852w\" sizes=\"(max-width: 819px) 100vw, 819px\" \/><\/figure>\n<\/figure>\n\n\n\n<hr class=\"wp-block-separator has-alpha-channel-opacity\"\/>\n\n\n\n<h2 class=\"wp-block-heading\">Architecture That Produces Its Own Roots<\/h2>\n\n\n\n<p>After learning of the award announcement, Smiljan Radi\u0107 summarized his philosophy with a phrase that encapsulates his career:<\/p>\n\n\n\n<blockquote class=\"wp-block-quote is-layout-flow wp-block-quote-is-layout-flow\">\n<p>\u201cSometimes you have to produce your own roots. That gives you freedom.\u201d<\/p>\n<\/blockquote>\n\n\n\n<p>His work demonstrates that architectural innovation depends not only on technology or scale, but also on <strong>clear ideas, sensitivity to the land, and a deep understanding of materials.<\/strong>.<\/p>\n\n\n\n<p>With the 2026 Pritzker Prize, Smiljan Radi\u0107 not only receives the most prestigious recognition in world architecture, but also validates a design approach that looks to origins, nature, and cultural memory to shape the future.<\/p>\n\n\n\n<p><\/p>","protected":false},"excerpt":{"rendered":"<p>Smiljan Radi\u0107 gana el Pritzker 2026: el arquitecto de la fragilidad En una decisi\u00f3n que muchos cr\u00edticos interpretan como un regreso a la dimensi\u00f3n po\u00e9tica de la arquitectura, la Fundaci\u00f3n Hyatt anunci\u00f3 que Smiljan Radi\u0107 Clarke es el ganador del Pritzker Architecture Prize 2026, el reconocimiento m\u00e1s prestigioso de la disciplina a nivel mundial. El [&hellip;]<\/p>\n","protected":false},"author":3,"featured_media":13962,"comment_status":"open","ping_status":"open","sticky":false,"template":"","format":"standard","meta":{"_joinchat":[],"footnotes":""},"categories":[299],"tags":[],"class_list":["post-13907","post","type-post","status-publish","format-standard","has-post-thumbnail","hentry","category-arte-arquitectura"],"yoast_head":"<!-- This site is optimized with the Yoast SEO Premium plugin v20.8 (Yoast SEO v27.2) - https:\/\/yoast.com\/product\/yoast-seo-premium-wordpress\/ -->\n<title>El Pritzker 2026 premia la po\u00e9tica de Smiljan Radi\u0107 - Property Journal<\/title>\n<meta name=\"description\" content=\"Smiljan Radi\u0107 gana el Pritzker 2026. Su arquitectura explora materiales, paisaje y fragilidad como una nueva po\u00e9tica del dise\u00f1o contempor\u00e1neo.\" \/>\n<meta name=\"robots\" content=\"index, follow, max-snippet:-1, max-image-preview:large, max-video-preview:-1\" \/>\n<link rel=\"canonical\" href=\"https:\/\/propertyjournal.com.mx\/en\/smiljan-radic-pritzker-2026-arquitectura-fragilidad\/\" \/>\n<meta property=\"og:locale\" content=\"en_US\" \/>\n<meta property=\"og:type\" content=\"article\" \/>\n<meta property=\"og:title\" content=\"El Pritzker 2026 premia la po\u00e9tica de Smiljan Radi\u0107\" \/>\n<meta property=\"og:description\" content=\"Smiljan Radi\u0107 gana el Pritzker 2026. Su arquitectura explora materiales, paisaje y fragilidad como una nueva po\u00e9tica del dise\u00f1o contempor\u00e1neo.\" \/>\n<meta property=\"og:url\" content=\"https:\/\/propertyjournal.com.mx\/en\/smiljan-radic-pritzker-2026-arquitectura-fragilidad\/\" \/>\n<meta property=\"og:site_name\" content=\"Property Journal\" \/>\n<meta property=\"article:publisher\" content=\"https:\/\/www.facebook.com\/propertyjournalmx\" \/>\n<meta property=\"article:published_time\" content=\"2026-03-12T19:23:51+00:00\" \/>\n<meta property=\"article:modified_time\" content=\"2026-03-12T19:40:39+00:00\" \/>\n<meta property=\"og:image\" content=\"https:\/\/propertyjournal.com.mx\/wp-content\/uploads\/2026\/03\/smiljan-radic-premio-pritzker-2026-property-journal-1.jpg\" \/>\n\t<meta property=\"og:image:width\" content=\"1080\" \/>\n\t<meta property=\"og:image:height\" content=\"720\" \/>\n\t<meta property=\"og:image:type\" content=\"image\/jpeg\" \/>\n<meta name=\"author\" content=\"Property Journal\" \/>\n<meta name=\"twitter:card\" content=\"summary_large_image\" \/>\n<meta name=\"twitter:label1\" content=\"Written by\" \/>\n\t<meta name=\"twitter:data1\" content=\"Property Journal\" \/>\n\t<meta name=\"twitter:label2\" content=\"Est. reading time\" \/>\n\t<meta name=\"twitter:data2\" content=\"6 minutes\" \/>\n<script type=\"application\/ld+json\" class=\"yoast-schema-graph\">{\"@context\":\"https:\/\/schema.org\",\"@graph\":[{\"@type\":\"Article\",\"@id\":\"https:\/\/propertyjournal.com.mx\/smiljan-radic-pritzker-2026-arquitectura-fragilidad\/#article\",\"isPartOf\":{\"@id\":\"https:\/\/propertyjournal.com.mx\/smiljan-radic-pritzker-2026-arquitectura-fragilidad\/\"},\"author\":{\"name\":\"Property Journal\",\"@id\":\"https:\/\/propertyjournal.com.mx\/en\/#\/schema\/person\/ca6923a448dc0724eb4c1ccd2e9e8201\"},\"headline\":\"El Pritzker 2026 premia la po\u00e9tica de Smiljan Radi\u0107\",\"datePublished\":\"2026-03-12T19:23:51+00:00\",\"dateModified\":\"2026-03-12T19:40:39+00:00\",\"mainEntityOfPage\":{\"@id\":\"https:\/\/propertyjournal.com.mx\/smiljan-radic-pritzker-2026-arquitectura-fragilidad\/\"},\"wordCount\":786,\"commentCount\":0,\"publisher\":{\"@id\":\"https:\/\/propertyjournal.com.mx\/en\/#organization\"},\"image\":{\"@id\":\"https:\/\/propertyjournal.com.mx\/smiljan-radic-pritzker-2026-arquitectura-fragilidad\/#primaryimage\"},\"thumbnailUrl\":\"https:\/\/propertyjournal.com.mx\/wp-content\/uploads\/2026\/03\/smiljan-radic-premio-pritzker-2026-property-journal-1.jpg\",\"articleSection\":[\"Arte y Arquitectura\"],\"inLanguage\":\"en-US\",\"potentialAction\":[{\"@type\":\"CommentAction\",\"name\":\"Comment\",\"target\":[\"https:\/\/propertyjournal.com.mx\/smiljan-radic-pritzker-2026-arquitectura-fragilidad\/#respond\"]}]},{\"@type\":\"WebPage\",\"@id\":\"https:\/\/propertyjournal.com.mx\/smiljan-radic-pritzker-2026-arquitectura-fragilidad\/\",\"url\":\"https:\/\/propertyjournal.com.mx\/smiljan-radic-pritzker-2026-arquitectura-fragilidad\/\",\"name\":\"El Pritzker 2026 premia la po\u00e9tica de Smiljan Radi\u0107 - Property Journal\",\"isPartOf\":{\"@id\":\"https:\/\/propertyjournal.com.mx\/en\/#website\"},\"primaryImageOfPage\":{\"@id\":\"https:\/\/propertyjournal.com.mx\/smiljan-radic-pritzker-2026-arquitectura-fragilidad\/#primaryimage\"},\"image\":{\"@id\":\"https:\/\/propertyjournal.com.mx\/smiljan-radic-pritzker-2026-arquitectura-fragilidad\/#primaryimage\"},\"thumbnailUrl\":\"https:\/\/propertyjournal.com.mx\/wp-content\/uploads\/2026\/03\/smiljan-radic-premio-pritzker-2026-property-journal-1.jpg\",\"datePublished\":\"2026-03-12T19:23:51+00:00\",\"dateModified\":\"2026-03-12T19:40:39+00:00\",\"description\":\"Smiljan Radi\u0107 gana el Pritzker 2026. Su arquitectura explora materiales, paisaje y fragilidad como una nueva po\u00e9tica del dise\u00f1o contempor\u00e1neo.\",\"breadcrumb\":{\"@id\":\"https:\/\/propertyjournal.com.mx\/smiljan-radic-pritzker-2026-arquitectura-fragilidad\/#breadcrumb\"},\"inLanguage\":\"en-US\",\"potentialAction\":[{\"@type\":\"ReadAction\",\"target\":[\"https:\/\/propertyjournal.com.mx\/smiljan-radic-pritzker-2026-arquitectura-fragilidad\/\"]}]},{\"@type\":\"ImageObject\",\"inLanguage\":\"en-US\",\"@id\":\"https:\/\/propertyjournal.com.mx\/smiljan-radic-pritzker-2026-arquitectura-fragilidad\/#primaryimage\",\"url\":\"https:\/\/propertyjournal.com.mx\/wp-content\/uploads\/2026\/03\/smiljan-radic-premio-pritzker-2026-property-journal-1.jpg\",\"contentUrl\":\"https:\/\/propertyjournal.com.mx\/wp-content\/uploads\/2026\/03\/smiljan-radic-premio-pritzker-2026-property-journal-1.jpg\",\"width\":1080,\"height\":720,\"caption\":\"smiljan-radic-premio-pritzker-2026\"},{\"@type\":\"BreadcrumbList\",\"@id\":\"https:\/\/propertyjournal.com.mx\/smiljan-radic-pritzker-2026-arquitectura-fragilidad\/#breadcrumb\",\"itemListElement\":[{\"@type\":\"ListItem\",\"position\":1,\"name\":\"Home\",\"item\":\"https:\/\/propertyjournal.com.mx\/\"},{\"@type\":\"ListItem\",\"position\":2,\"name\":\"El Pritzker 2026 premia la po\u00e9tica de Smiljan Radi\u0107\"}]},{\"@type\":\"WebSite\",\"@id\":\"https:\/\/propertyjournal.com.mx\/en\/#website\",\"url\":\"https:\/\/propertyjournal.com.mx\/en\/\",\"name\":\"Property Journal\",\"description\":\"News Real Estate\",\"publisher\":{\"@id\":\"https:\/\/propertyjournal.com.mx\/en\/#organization\"},\"potentialAction\":[{\"@type\":\"SearchAction\",\"target\":{\"@type\":\"EntryPoint\",\"urlTemplate\":\"https:\/\/propertyjournal.com.mx\/en\/?s={search_term_string}\"},\"query-input\":{\"@type\":\"PropertyValueSpecification\",\"valueRequired\":true,\"valueName\":\"search_term_string\"}}],\"inLanguage\":\"en-US\"},{\"@type\":\"Organization\",\"@id\":\"https:\/\/propertyjournal.com.mx\/en\/#organization\",\"name\":\"Property Journal\",\"url\":\"https:\/\/propertyjournal.com.mx\/en\/\",\"logo\":{\"@type\":\"ImageObject\",\"inLanguage\":\"en-US\",\"@id\":\"https:\/\/propertyjournal.com.mx\/en\/#\/schema\/logo\/image\/\",\"url\":\"https:\/\/propertyjournal.com.mx\/wp-content\/uploads\/2023\/04\/logo2-property-journal.png\",\"contentUrl\":\"https:\/\/propertyjournal.com.mx\/wp-content\/uploads\/2023\/04\/logo2-property-journal.png\",\"width\":380,\"height\":180,\"caption\":\"Property Journal\"},\"image\":{\"@id\":\"https:\/\/propertyjournal.com.mx\/en\/#\/schema\/logo\/image\/\"},\"sameAs\":[\"https:\/\/www.facebook.com\/propertyjournalmx\",\"https:\/\/www.instagram.com\/propertyjournalmx\/\"]},{\"@type\":\"Person\",\"@id\":\"https:\/\/propertyjournal.com.mx\/en\/#\/schema\/person\/ca6923a448dc0724eb4c1ccd2e9e8201\",\"name\":\"Property Journal\",\"image\":{\"@type\":\"ImageObject\",\"inLanguage\":\"en-US\",\"@id\":\"https:\/\/propertyjournal.com.mx\/wp-content\/litespeed\/avatar\/92a947da4e17221d7d35fe8c0373b90d.jpg?ver=1776936953\",\"url\":\"https:\/\/propertyjournal.com.mx\/wp-content\/litespeed\/avatar\/92a947da4e17221d7d35fe8c0373b90d.jpg?ver=1776936953\",\"contentUrl\":\"https:\/\/propertyjournal.com.mx\/wp-content\/litespeed\/avatar\/92a947da4e17221d7d35fe8c0373b90d.jpg?ver=1776936953\",\"caption\":\"Property Journal\"},\"url\":\"https:\/\/propertyjournal.com.mx\/en\/author\/camila\/\"}]}<\/script>\n<!-- \/ Yoast SEO Premium plugin. -->","yoast_head_json":{"title":"El Pritzker 2026 premia la po\u00e9tica de Smiljan Radi\u0107 - Property Journal","description":"Smiljan Radi\u0107 gana el Pritzker 2026. Su arquitectura explora materiales, paisaje y fragilidad como una nueva po\u00e9tica del dise\u00f1o contempor\u00e1neo.","robots":{"index":"index","follow":"follow","max-snippet":"max-snippet:-1","max-image-preview":"max-image-preview:large","max-video-preview":"max-video-preview:-1"},"canonical":"https:\/\/propertyjournal.com.mx\/en\/smiljan-radic-pritzker-2026-arquitectura-fragilidad\/","og_locale":"en_US","og_type":"article","og_title":"El Pritzker 2026 premia la po\u00e9tica de Smiljan Radi\u0107","og_description":"Smiljan Radi\u0107 gana el Pritzker 2026. Su arquitectura explora materiales, paisaje y fragilidad como una nueva po\u00e9tica del dise\u00f1o contempor\u00e1neo.","og_url":"https:\/\/propertyjournal.com.mx\/en\/smiljan-radic-pritzker-2026-arquitectura-fragilidad\/","og_site_name":"Property Journal","article_publisher":"https:\/\/www.facebook.com\/propertyjournalmx","article_published_time":"2026-03-12T19:23:51+00:00","article_modified_time":"2026-03-12T19:40:39+00:00","og_image":[{"width":1080,"height":720,"url":"https:\/\/propertyjournal.com.mx\/wp-content\/uploads\/2026\/03\/smiljan-radic-premio-pritzker-2026-property-journal-1.jpg","type":"image\/jpeg"}],"author":"Property Journal","twitter_card":"summary_large_image","twitter_misc":{"Written by":"Property Journal","Est. reading time":"6 minutes"},"schema":{"@context":"https:\/\/schema.org","@graph":[{"@type":"Article","@id":"https:\/\/propertyjournal.com.mx\/smiljan-radic-pritzker-2026-arquitectura-fragilidad\/#article","isPartOf":{"@id":"https:\/\/propertyjournal.com.mx\/smiljan-radic-pritzker-2026-arquitectura-fragilidad\/"},"author":{"name":"Property Journal","@id":"https:\/\/propertyjournal.com.mx\/en\/#\/schema\/person\/ca6923a448dc0724eb4c1ccd2e9e8201"},"headline":"El Pritzker 2026 premia la po\u00e9tica de Smiljan Radi\u0107","datePublished":"2026-03-12T19:23:51+00:00","dateModified":"2026-03-12T19:40:39+00:00","mainEntityOfPage":{"@id":"https:\/\/propertyjournal.com.mx\/smiljan-radic-pritzker-2026-arquitectura-fragilidad\/"},"wordCount":786,"commentCount":0,"publisher":{"@id":"https:\/\/propertyjournal.com.mx\/en\/#organization"},"image":{"@id":"https:\/\/propertyjournal.com.mx\/smiljan-radic-pritzker-2026-arquitectura-fragilidad\/#primaryimage"},"thumbnailUrl":"https:\/\/propertyjournal.com.mx\/wp-content\/uploads\/2026\/03\/smiljan-radic-premio-pritzker-2026-property-journal-1.jpg","articleSection":["Arte y Arquitectura"],"inLanguage":"en-US","potentialAction":[{"@type":"CommentAction","name":"Comment","target":["https:\/\/propertyjournal.com.mx\/smiljan-radic-pritzker-2026-arquitectura-fragilidad\/#respond"]}]},{"@type":"WebPage","@id":"https:\/\/propertyjournal.com.mx\/smiljan-radic-pritzker-2026-arquitectura-fragilidad\/","url":"https:\/\/propertyjournal.com.mx\/smiljan-radic-pritzker-2026-arquitectura-fragilidad\/","name":"El Pritzker 2026 premia la po\u00e9tica de Smiljan Radi\u0107 - Property Journal","isPartOf":{"@id":"https:\/\/propertyjournal.com.mx\/en\/#website"},"primaryImageOfPage":{"@id":"https:\/\/propertyjournal.com.mx\/smiljan-radic-pritzker-2026-arquitectura-fragilidad\/#primaryimage"},"image":{"@id":"https:\/\/propertyjournal.com.mx\/smiljan-radic-pritzker-2026-arquitectura-fragilidad\/#primaryimage"},"thumbnailUrl":"https:\/\/propertyjournal.com.mx\/wp-content\/uploads\/2026\/03\/smiljan-radic-premio-pritzker-2026-property-journal-1.jpg","datePublished":"2026-03-12T19:23:51+00:00","dateModified":"2026-03-12T19:40:39+00:00","description":"Smiljan Radi\u0107 gana el Pritzker 2026. Su arquitectura explora materiales, paisaje y fragilidad como una nueva po\u00e9tica del dise\u00f1o contempor\u00e1neo.","breadcrumb":{"@id":"https:\/\/propertyjournal.com.mx\/smiljan-radic-pritzker-2026-arquitectura-fragilidad\/#breadcrumb"},"inLanguage":"en-US","potentialAction":[{"@type":"ReadAction","target":["https:\/\/propertyjournal.com.mx\/smiljan-radic-pritzker-2026-arquitectura-fragilidad\/"]}]},{"@type":"ImageObject","inLanguage":"en-US","@id":"https:\/\/propertyjournal.com.mx\/smiljan-radic-pritzker-2026-arquitectura-fragilidad\/#primaryimage","url":"https:\/\/propertyjournal.com.mx\/wp-content\/uploads\/2026\/03\/smiljan-radic-premio-pritzker-2026-property-journal-1.jpg","contentUrl":"https:\/\/propertyjournal.com.mx\/wp-content\/uploads\/2026\/03\/smiljan-radic-premio-pritzker-2026-property-journal-1.jpg","width":1080,"height":720,"caption":"smiljan-radic-premio-pritzker-2026"},{"@type":"BreadcrumbList","@id":"https:\/\/propertyjournal.com.mx\/smiljan-radic-pritzker-2026-arquitectura-fragilidad\/#breadcrumb","itemListElement":[{"@type":"ListItem","position":1,"name":"Home","item":"https:\/\/propertyjournal.com.mx\/"},{"@type":"ListItem","position":2,"name":"El Pritzker 2026 premia la po\u00e9tica de Smiljan Radi\u0107"}]},{"@type":"WebSite","@id":"https:\/\/propertyjournal.com.mx\/en\/#website","url":"https:\/\/propertyjournal.com.mx\/en\/","name":"Property Journal","description":"News Real Estate","publisher":{"@id":"https:\/\/propertyjournal.com.mx\/en\/#organization"},"potentialAction":[{"@type":"SearchAction","target":{"@type":"EntryPoint","urlTemplate":"https:\/\/propertyjournal.com.mx\/en\/?s={search_term_string}"},"query-input":{"@type":"PropertyValueSpecification","valueRequired":true,"valueName":"search_term_string"}}],"inLanguage":"en-US"},{"@type":"Organization","@id":"https:\/\/propertyjournal.com.mx\/en\/#organization","name":"Property Journal","url":"https:\/\/propertyjournal.com.mx\/en\/","logo":{"@type":"ImageObject","inLanguage":"en-US","@id":"https:\/\/propertyjournal.com.mx\/en\/#\/schema\/logo\/image\/","url":"https:\/\/propertyjournal.com.mx\/wp-content\/uploads\/2023\/04\/logo2-property-journal.png","contentUrl":"https:\/\/propertyjournal.com.mx\/wp-content\/uploads\/2023\/04\/logo2-property-journal.png","width":380,"height":180,"caption":"Property Journal"},"image":{"@id":"https:\/\/propertyjournal.com.mx\/en\/#\/schema\/logo\/image\/"},"sameAs":["https:\/\/www.facebook.com\/propertyjournalmx","https:\/\/www.instagram.com\/propertyjournalmx\/"]},{"@type":"Person","@id":"https:\/\/propertyjournal.com.mx\/en\/#\/schema\/person\/ca6923a448dc0724eb4c1ccd2e9e8201","name":"Property Journal","image":{"@type":"ImageObject","inLanguage":"en-US","@id":"https:\/\/propertyjournal.com.mx\/wp-content\/litespeed\/avatar\/92a947da4e17221d7d35fe8c0373b90d.jpg?ver=1776936953","url":"https:\/\/propertyjournal.com.mx\/wp-content\/litespeed\/avatar\/92a947da4e17221d7d35fe8c0373b90d.jpg?ver=1776936953","contentUrl":"https:\/\/propertyjournal.com.mx\/wp-content\/litespeed\/avatar\/92a947da4e17221d7d35fe8c0373b90d.jpg?ver=1776936953","caption":"Property Journal"},"url":"https:\/\/propertyjournal.com.mx\/en\/author\/camila\/"}]}},"_links":{"self":[{"href":"https:\/\/propertyjournal.com.mx\/en\/wp-json\/wp\/v2\/posts\/13907","targetHints":{"allow":["GET"]}}],"collection":[{"href":"https:\/\/propertyjournal.com.mx\/en\/wp-json\/wp\/v2\/posts"}],"about":[{"href":"https:\/\/propertyjournal.com.mx\/en\/wp-json\/wp\/v2\/types\/post"}],"author":[{"embeddable":true,"href":"https:\/\/propertyjournal.com.mx\/en\/wp-json\/wp\/v2\/users\/3"}],"replies":[{"embeddable":true,"href":"https:\/\/propertyjournal.com.mx\/en\/wp-json\/wp\/v2\/comments?post=13907"}],"version-history":[{"count":1,"href":"https:\/\/propertyjournal.com.mx\/en\/wp-json\/wp\/v2\/posts\/13907\/revisions"}],"predecessor-version":[{"id":13960,"href":"https:\/\/propertyjournal.com.mx\/en\/wp-json\/wp\/v2\/posts\/13907\/revisions\/13960"}],"wp:featuredmedia":[{"embeddable":true,"href":"https:\/\/propertyjournal.com.mx\/en\/wp-json\/wp\/v2\/media\/13962"}],"wp:attachment":[{"href":"https:\/\/propertyjournal.com.mx\/en\/wp-json\/wp\/v2\/media?parent=13907"}],"wp:term":[{"taxonomy":"category","embeddable":true,"href":"https:\/\/propertyjournal.com.mx\/en\/wp-json\/wp\/v2\/categories?post=13907"},{"taxonomy":"post_tag","embeddable":true,"href":"https:\/\/propertyjournal.com.mx\/en\/wp-json\/wp\/v2\/tags?post=13907"}],"curies":[{"name":"wp","href":"https:\/\/api.w.org\/{rel}","templated":true}]}}