{"id":1510,"date":"2022-03-02T12:30:51","date_gmt":"2022-03-02T18:30:51","guid":{"rendered":"http:\/\/propertyjournal.com.mx\/?p=1510"},"modified":"2022-03-02T12:30:51","modified_gmt":"2022-03-02T18:30:51","slug":"festival-de-raicilla-mezcal-y-cerveza-artesanal-5-6-marzo","status":"publish","type":"post","link":"https:\/\/propertyjournal.com.mx\/en\/festival-de-raicilla-mezcal-y-cerveza-artesanal-5-6-marzo\/","title":{"rendered":"Festival de Raicilla, Mezcal y Cerveza Artesanal 5 &#038; 6 marzo"},"content":{"rendered":"<p>El 5 y 6 de marzo se llevar\u00e1 a cabo en Marina Nuevo Vallarta la tercera edici\u00f3n del FERAMECE ( Festival de la Raicilla, Mezcal y Cerveza Artesanal).<\/p>\n<p>Se contar\u00e1 con m\u00e1s de 300 expositores donde se podr\u00e1 disfrutar de catas guiadas, mixolog\u00eda, oferta gastron\u00f3mica y se contar\u00e1 con la presencia de artistas.<\/p>\n<p>Para m\u00e1s informaci\u00f3n <a href=\"https:\/\/feramece.com\">da click aqu\u00ed<\/a><\/p>","protected":false},"excerpt":{"rendered":"<p>El 5 y 6 de marzo se llevar\u00e1 a cabo en Marina Nuevo Vallarta la tercera edici\u00f3n del FERAMECE ( Festival de la Raicilla, Mezcal y Cerveza Artesanal). Se contar\u00e1 con m\u00e1s de 300 expositores donde se podr\u00e1 disfrutar de catas guiadas, mixolog\u00eda, oferta gastron\u00f3mica y se contar\u00e1 con la presencia de artistas. Para m\u00e1s [&hellip;]<\/p>\n","protected":false},"author":3,"featured_media":1512,"comment_status":"open","ping_status":"open","sticky":false,"template":"","format":"standard","meta":{"_joinchat":[],"footnotes":""},"categories":[336],"tags":[330,344,345,346,347,348,349,350,351,352,353,354,355,356],"class_list":["post-1510","post","type-post","status-publish","format-standard","has-post-thumbnail","hentry","category-calendario","tag-bahia-de-banderas","tag-beer","tag-cerveza","tag-feramece","tag-festival","tag-gastronomia","tag-gastronomy","tag-marina-nuevo-vallarta","tag-mezcal","tag-mixologia","tag-mixology","tag-nayarit","tag-nuevo-vallarta","tag-raicilla"],"yoast_head":"<!-- This site is optimized with the Yoast SEO Premium plugin v20.8 (Yoast SEO v27.2) - https:\/\/yoast.com\/product\/yoast-seo-premium-wordpress\/ -->\n<title>Festival de Raicilla, Mezcal y Cerveza Artesanal 5 &amp; 6 marzo - Property Journal<\/title>\n<meta name=\"robots\" content=\"index, follow, max-snippet:-1, max-image-preview:large, max-video-preview:-1\" \/>\n<link rel=\"canonical\" href=\"https:\/\/propertyjournal.com.mx\/en\/festival-de-raicilla-mezcal-y-cerveza-artesanal-5-6-marzo\/\" \/>\n<meta property=\"og:locale\" content=\"en_US\" \/>\n<meta property=\"og:type\" content=\"article\" \/>\n<meta property=\"og:title\" content=\"Festival de Raicilla, Mezcal y Cerveza Artesanal 5 &amp; 6 marzo\" \/>\n<meta property=\"og:description\" content=\"El 5 y 6 de marzo se llevar\u00e1 a cabo en Marina Nuevo Vallarta la tercera edici\u00f3n del FERAMECE ( Festival de la Raicilla, Mezcal y Cerveza Artesanal). Se contar\u00e1 con m\u00e1s de 300 expositores donde se podr\u00e1 disfrutar de catas guiadas, mixolog\u00eda, oferta gastron\u00f3mica y se contar\u00e1 con la presencia de artistas. Para m\u00e1s [&hellip;]\" \/>\n<meta property=\"og:url\" content=\"https:\/\/propertyjournal.com.mx\/en\/festival-de-raicilla-mezcal-y-cerveza-artesanal-5-6-marzo\/\" \/>\n<meta property=\"og:site_name\" content=\"Property Journal\" \/>\n<meta property=\"article:publisher\" content=\"https:\/\/www.facebook.com\/propertyjournalmx\" \/>\n<meta property=\"article:published_time\" content=\"2022-03-02T18:30:51+00:00\" \/>\n<meta property=\"og:image\" content=\"https:\/\/propertyjournal.com.mx\/wp-content\/uploads\/2022\/03\/feramece-banner-22-Patrocinadores.jpg\" \/>\n\t<meta property=\"og:image:width\" content=\"820\" \/>\n\t<meta property=\"og:image:height\" content=\"312\" \/>\n\t<meta property=\"og:image:type\" content=\"image\/jpeg\" \/>\n<meta name=\"author\" content=\"Property Journal\" \/>\n<meta name=\"twitter:card\" content=\"summary_large_image\" \/>\n<meta name=\"twitter:label1\" content=\"Written by\" \/>\n\t<meta name=\"twitter:data1\" content=\"Property Journal\" \/>\n<script type=\"application\/ld+json\" class=\"yoast-schema-graph\">{\"@context\":\"https:\/\/schema.org\",\"@graph\":[{\"@type\":\"Article\",\"@id\":\"https:\/\/propertyjournal.com.mx\/festival-de-raicilla-mezcal-y-cerveza-artesanal-5-6-marzo\/#article\",\"isPartOf\":{\"@id\":\"https:\/\/propertyjournal.com.mx\/festival-de-raicilla-mezcal-y-cerveza-artesanal-5-6-marzo\/\"},\"author\":{\"name\":\"Property Journal\",\"@id\":\"https:\/\/propertyjournal.com.mx\/en\/#\/schema\/person\/ca6923a448dc0724eb4c1ccd2e9e8201\"},\"headline\":\"Festival de Raicilla, Mezcal y Cerveza Artesanal 5 &#038; 6 marzo\",\"datePublished\":\"2022-03-02T18:30:51+00:00\",\"mainEntityOfPage\":{\"@id\":\"https:\/\/propertyjournal.com.mx\/festival-de-raicilla-mezcal-y-cerveza-artesanal-5-6-marzo\/\"},\"wordCount\":69,\"commentCount\":0,\"publisher\":{\"@id\":\"https:\/\/propertyjournal.com.mx\/en\/#organization\"},\"image\":{\"@id\":\"https:\/\/propertyjournal.com.mx\/festival-de-raicilla-mezcal-y-cerveza-artesanal-5-6-marzo\/#primaryimage\"},\"thumbnailUrl\":\"https:\/\/propertyjournal.com.mx\/wp-content\/uploads\/2022\/03\/feramece-banner-22-Patrocinadores.jpg\",\"keywords\":[\"bah\u00eda de banderas\",\"beer\",\"cerveza\",\"FERAMECE\",\"festival\",\"gastronomia\",\"gastronomy\",\"marina nuevo vallarta\",\"mezcal\",\"mixologia\",\"mixology\",\"Nayarit\",\"nuevo vallarta\",\"raicilla\"],\"articleSection\":[\"Calendario\"],\"inLanguage\":\"en-US\",\"potentialAction\":[{\"@type\":\"CommentAction\",\"name\":\"Comment\",\"target\":[\"https:\/\/propertyjournal.com.mx\/festival-de-raicilla-mezcal-y-cerveza-artesanal-5-6-marzo\/#respond\"]}]},{\"@type\":\"WebPage\",\"@id\":\"https:\/\/propertyjournal.com.mx\/festival-de-raicilla-mezcal-y-cerveza-artesanal-5-6-marzo\/\",\"url\":\"https:\/\/propertyjournal.com.mx\/festival-de-raicilla-mezcal-y-cerveza-artesanal-5-6-marzo\/\",\"name\":\"Festival de Raicilla, Mezcal y Cerveza Artesanal 5 & 6 marzo - Property Journal\",\"isPartOf\":{\"@id\":\"https:\/\/propertyjournal.com.mx\/en\/#website\"},\"primaryImageOfPage\":{\"@id\":\"https:\/\/propertyjournal.com.mx\/festival-de-raicilla-mezcal-y-cerveza-artesanal-5-6-marzo\/#primaryimage\"},\"image\":{\"@id\":\"https:\/\/propertyjournal.com.mx\/festival-de-raicilla-mezcal-y-cerveza-artesanal-5-6-marzo\/#primaryimage\"},\"thumbnailUrl\":\"https:\/\/propertyjournal.com.mx\/wp-content\/uploads\/2022\/03\/feramece-banner-22-Patrocinadores.jpg\",\"datePublished\":\"2022-03-02T18:30:51+00:00\",\"breadcrumb\":{\"@id\":\"https:\/\/propertyjournal.com.mx\/festival-de-raicilla-mezcal-y-cerveza-artesanal-5-6-marzo\/#breadcrumb\"},\"inLanguage\":\"en-US\",\"potentialAction\":[{\"@type\":\"ReadAction\",\"target\":[\"https:\/\/propertyjournal.com.mx\/festival-de-raicilla-mezcal-y-cerveza-artesanal-5-6-marzo\/\"]}]},{\"@type\":\"ImageObject\",\"inLanguage\":\"en-US\",\"@id\":\"https:\/\/propertyjournal.com.mx\/festival-de-raicilla-mezcal-y-cerveza-artesanal-5-6-marzo\/#primaryimage\",\"url\":\"https:\/\/propertyjournal.com.mx\/wp-content\/uploads\/2022\/03\/feramece-banner-22-Patrocinadores.jpg\",\"contentUrl\":\"https:\/\/propertyjournal.com.mx\/wp-content\/uploads\/2022\/03\/feramece-banner-22-Patrocinadores.jpg\",\"width\":820,\"height\":312},{\"@type\":\"BreadcrumbList\",\"@id\":\"https:\/\/propertyjournal.com.mx\/festival-de-raicilla-mezcal-y-cerveza-artesanal-5-6-marzo\/#breadcrumb\",\"itemListElement\":[{\"@type\":\"ListItem\",\"position\":1,\"name\":\"Home\",\"item\":\"https:\/\/propertyjournal.com.mx\/\"},{\"@type\":\"ListItem\",\"position\":2,\"name\":\"Festival de Raicilla, Mezcal y Cerveza Artesanal 5 &#038; 6 marzo\"}]},{\"@type\":\"WebSite\",\"@id\":\"https:\/\/propertyjournal.com.mx\/en\/#website\",\"url\":\"https:\/\/propertyjournal.com.mx\/en\/\",\"name\":\"Property Journal\",\"description\":\"News Real Estate\",\"publisher\":{\"@id\":\"https:\/\/propertyjournal.com.mx\/en\/#organization\"},\"potentialAction\":[{\"@type\":\"SearchAction\",\"target\":{\"@type\":\"EntryPoint\",\"urlTemplate\":\"https:\/\/propertyjournal.com.mx\/en\/?s={search_term_string}\"},\"query-input\":{\"@type\":\"PropertyValueSpecification\",\"valueRequired\":true,\"valueName\":\"search_term_string\"}}],\"inLanguage\":\"en-US\"},{\"@type\":\"Organization\",\"@id\":\"https:\/\/propertyjournal.com.mx\/en\/#organization\",\"name\":\"Property Journal\",\"url\":\"https:\/\/propertyjournal.com.mx\/en\/\",\"logo\":{\"@type\":\"ImageObject\",\"inLanguage\":\"en-US\",\"@id\":\"https:\/\/propertyjournal.com.mx\/en\/#\/schema\/logo\/image\/\",\"url\":\"https:\/\/propertyjournal.com.mx\/wp-content\/uploads\/2023\/04\/logo2-property-journal.png\",\"contentUrl\":\"https:\/\/propertyjournal.com.mx\/wp-content\/uploads\/2023\/04\/logo2-property-journal.png\",\"width\":380,\"height\":180,\"caption\":\"Property Journal\"},\"image\":{\"@id\":\"https:\/\/propertyjournal.com.mx\/en\/#\/schema\/logo\/image\/\"},\"sameAs\":[\"https:\/\/www.facebook.com\/propertyjournalmx\",\"https:\/\/www.instagram.com\/propertyjournalmx\/\"]},{\"@type\":\"Person\",\"@id\":\"https:\/\/propertyjournal.com.mx\/en\/#\/schema\/person\/ca6923a448dc0724eb4c1ccd2e9e8201\",\"name\":\"Property Journal\",\"image\":{\"@type\":\"ImageObject\",\"inLanguage\":\"en-US\",\"@id\":\"https:\/\/propertyjournal.com.mx\/wp-content\/litespeed\/avatar\/92a947da4e17221d7d35fe8c0373b90d.jpg?ver=1776936953\",\"url\":\"https:\/\/propertyjournal.com.mx\/wp-content\/litespeed\/avatar\/92a947da4e17221d7d35fe8c0373b90d.jpg?ver=1776936953\",\"contentUrl\":\"https:\/\/propertyjournal.com.mx\/wp-content\/litespeed\/avatar\/92a947da4e17221d7d35fe8c0373b90d.jpg?ver=1776936953\",\"caption\":\"Property Journal\"},\"url\":\"https:\/\/propertyjournal.com.mx\/en\/author\/camila\/\"}]}<\/script>\n<!-- \/ Yoast SEO Premium plugin. -->","yoast_head_json":{"title":"Festival de Raicilla, Mezcal y Cerveza Artesanal 5 & 6 marzo - Property Journal","robots":{"index":"index","follow":"follow","max-snippet":"max-snippet:-1","max-image-preview":"max-image-preview:large","max-video-preview":"max-video-preview:-1"},"canonical":"https:\/\/propertyjournal.com.mx\/en\/festival-de-raicilla-mezcal-y-cerveza-artesanal-5-6-marzo\/","og_locale":"en_US","og_type":"article","og_title":"Festival de Raicilla, Mezcal y Cerveza Artesanal 5 & 6 marzo","og_description":"El 5 y 6 de marzo se llevar\u00e1 a cabo en Marina Nuevo Vallarta la tercera edici\u00f3n del FERAMECE ( Festival de la Raicilla, Mezcal y Cerveza Artesanal). Se contar\u00e1 con m\u00e1s de 300 expositores donde se podr\u00e1 disfrutar de catas guiadas, mixolog\u00eda, oferta gastron\u00f3mica y se contar\u00e1 con la presencia de artistas. Para m\u00e1s [&hellip;]","og_url":"https:\/\/propertyjournal.com.mx\/en\/festival-de-raicilla-mezcal-y-cerveza-artesanal-5-6-marzo\/","og_site_name":"Property Journal","article_publisher":"https:\/\/www.facebook.com\/propertyjournalmx","article_published_time":"2022-03-02T18:30:51+00:00","og_image":[{"width":820,"height":312,"url":"https:\/\/propertyjournal.com.mx\/wp-content\/uploads\/2022\/03\/feramece-banner-22-Patrocinadores.jpg","type":"image\/jpeg"}],"author":"Property Journal","twitter_card":"summary_large_image","twitter_misc":{"Written by":"Property Journal"},"schema":{"@context":"https:\/\/schema.org","@graph":[{"@type":"Article","@id":"https:\/\/propertyjournal.com.mx\/festival-de-raicilla-mezcal-y-cerveza-artesanal-5-6-marzo\/#article","isPartOf":{"@id":"https:\/\/propertyjournal.com.mx\/festival-de-raicilla-mezcal-y-cerveza-artesanal-5-6-marzo\/"},"author":{"name":"Property Journal","@id":"https:\/\/propertyjournal.com.mx\/en\/#\/schema\/person\/ca6923a448dc0724eb4c1ccd2e9e8201"},"headline":"Festival de Raicilla, Mezcal y Cerveza Artesanal 5 &#038; 6 marzo","datePublished":"2022-03-02T18:30:51+00:00","mainEntityOfPage":{"@id":"https:\/\/propertyjournal.com.mx\/festival-de-raicilla-mezcal-y-cerveza-artesanal-5-6-marzo\/"},"wordCount":69,"commentCount":0,"publisher":{"@id":"https:\/\/propertyjournal.com.mx\/en\/#organization"},"image":{"@id":"https:\/\/propertyjournal.com.mx\/festival-de-raicilla-mezcal-y-cerveza-artesanal-5-6-marzo\/#primaryimage"},"thumbnailUrl":"https:\/\/propertyjournal.com.mx\/wp-content\/uploads\/2022\/03\/feramece-banner-22-Patrocinadores.jpg","keywords":["bah\u00eda de banderas","beer","cerveza","FERAMECE","festival","gastronomia","gastronomy","marina nuevo vallarta","mezcal","mixologia","mixology","Nayarit","nuevo vallarta","raicilla"],"articleSection":["Calendario"],"inLanguage":"en-US","potentialAction":[{"@type":"CommentAction","name":"Comment","target":["https:\/\/propertyjournal.com.mx\/festival-de-raicilla-mezcal-y-cerveza-artesanal-5-6-marzo\/#respond"]}]},{"@type":"WebPage","@id":"https:\/\/propertyjournal.com.mx\/festival-de-raicilla-mezcal-y-cerveza-artesanal-5-6-marzo\/","url":"https:\/\/propertyjournal.com.mx\/festival-de-raicilla-mezcal-y-cerveza-artesanal-5-6-marzo\/","name":"Festival de Raicilla, Mezcal y Cerveza Artesanal 5 & 6 marzo - Property Journal","isPartOf":{"@id":"https:\/\/propertyjournal.com.mx\/en\/#website"},"primaryImageOfPage":{"@id":"https:\/\/propertyjournal.com.mx\/festival-de-raicilla-mezcal-y-cerveza-artesanal-5-6-marzo\/#primaryimage"},"image":{"@id":"https:\/\/propertyjournal.com.mx\/festival-de-raicilla-mezcal-y-cerveza-artesanal-5-6-marzo\/#primaryimage"},"thumbnailUrl":"https:\/\/propertyjournal.com.mx\/wp-content\/uploads\/2022\/03\/feramece-banner-22-Patrocinadores.jpg","datePublished":"2022-03-02T18:30:51+00:00","breadcrumb":{"@id":"https:\/\/propertyjournal.com.mx\/festival-de-raicilla-mezcal-y-cerveza-artesanal-5-6-marzo\/#breadcrumb"},"inLanguage":"en-US","potentialAction":[{"@type":"ReadAction","target":["https:\/\/propertyjournal.com.mx\/festival-de-raicilla-mezcal-y-cerveza-artesanal-5-6-marzo\/"]}]},{"@type":"ImageObject","inLanguage":"en-US","@id":"https:\/\/propertyjournal.com.mx\/festival-de-raicilla-mezcal-y-cerveza-artesanal-5-6-marzo\/#primaryimage","url":"https:\/\/propertyjournal.com.mx\/wp-content\/uploads\/2022\/03\/feramece-banner-22-Patrocinadores.jpg","contentUrl":"https:\/\/propertyjournal.com.mx\/wp-content\/uploads\/2022\/03\/feramece-banner-22-Patrocinadores.jpg","width":820,"height":312},{"@type":"BreadcrumbList","@id":"https:\/\/propertyjournal.com.mx\/festival-de-raicilla-mezcal-y-cerveza-artesanal-5-6-marzo\/#breadcrumb","itemListElement":[{"@type":"ListItem","position":1,"name":"Home","item":"https:\/\/propertyjournal.com.mx\/"},{"@type":"ListItem","position":2,"name":"Festival de Raicilla, Mezcal y Cerveza Artesanal 5 &#038; 6 marzo"}]},{"@type":"WebSite","@id":"https:\/\/propertyjournal.com.mx\/en\/#website","url":"https:\/\/propertyjournal.com.mx\/en\/","name":"Property Journal","description":"News Real Estate","publisher":{"@id":"https:\/\/propertyjournal.com.mx\/en\/#organization"},"potentialAction":[{"@type":"SearchAction","target":{"@type":"EntryPoint","urlTemplate":"https:\/\/propertyjournal.com.mx\/en\/?s={search_term_string}"},"query-input":{"@type":"PropertyValueSpecification","valueRequired":true,"valueName":"search_term_string"}}],"inLanguage":"en-US"},{"@type":"Organization","@id":"https:\/\/propertyjournal.com.mx\/en\/#organization","name":"Property Journal","url":"https:\/\/propertyjournal.com.mx\/en\/","logo":{"@type":"ImageObject","inLanguage":"en-US","@id":"https:\/\/propertyjournal.com.mx\/en\/#\/schema\/logo\/image\/","url":"https:\/\/propertyjournal.com.mx\/wp-content\/uploads\/2023\/04\/logo2-property-journal.png","contentUrl":"https:\/\/propertyjournal.com.mx\/wp-content\/uploads\/2023\/04\/logo2-property-journal.png","width":380,"height":180,"caption":"Property Journal"},"image":{"@id":"https:\/\/propertyjournal.com.mx\/en\/#\/schema\/logo\/image\/"},"sameAs":["https:\/\/www.facebook.com\/propertyjournalmx","https:\/\/www.instagram.com\/propertyjournalmx\/"]},{"@type":"Person","@id":"https:\/\/propertyjournal.com.mx\/en\/#\/schema\/person\/ca6923a448dc0724eb4c1ccd2e9e8201","name":"Property Journal","image":{"@type":"ImageObject","inLanguage":"en-US","@id":"https:\/\/propertyjournal.com.mx\/wp-content\/litespeed\/avatar\/92a947da4e17221d7d35fe8c0373b90d.jpg?ver=1776936953","url":"https:\/\/propertyjournal.com.mx\/wp-content\/litespeed\/avatar\/92a947da4e17221d7d35fe8c0373b90d.jpg?ver=1776936953","contentUrl":"https:\/\/propertyjournal.com.mx\/wp-content\/litespeed\/avatar\/92a947da4e17221d7d35fe8c0373b90d.jpg?ver=1776936953","caption":"Property Journal"},"url":"https:\/\/propertyjournal.com.mx\/en\/author\/camila\/"}]}},"_links":{"self":[{"href":"https:\/\/propertyjournal.com.mx\/en\/wp-json\/wp\/v2\/posts\/1510","targetHints":{"allow":["GET"]}}],"collection":[{"href":"https:\/\/propertyjournal.com.mx\/en\/wp-json\/wp\/v2\/posts"}],"about":[{"href":"https:\/\/propertyjournal.com.mx\/en\/wp-json\/wp\/v2\/types\/post"}],"author":[{"embeddable":true,"href":"https:\/\/propertyjournal.com.mx\/en\/wp-json\/wp\/v2\/users\/3"}],"replies":[{"embeddable":true,"href":"https:\/\/propertyjournal.com.mx\/en\/wp-json\/wp\/v2\/comments?post=1510"}],"version-history":[{"count":0,"href":"https:\/\/propertyjournal.com.mx\/en\/wp-json\/wp\/v2\/posts\/1510\/revisions"}],"wp:featuredmedia":[{"embeddable":true,"href":"https:\/\/propertyjournal.com.mx\/en\/wp-json\/wp\/v2\/media\/1512"}],"wp:attachment":[{"href":"https:\/\/propertyjournal.com.mx\/en\/wp-json\/wp\/v2\/media?parent=1510"}],"wp:term":[{"taxonomy":"category","embeddable":true,"href":"https:\/\/propertyjournal.com.mx\/en\/wp-json\/wp\/v2\/categories?post=1510"},{"taxonomy":"post_tag","embeddable":true,"href":"https:\/\/propertyjournal.com.mx\/en\/wp-json\/wp\/v2\/tags?post=1510"}],"curies":[{"name":"wp","href":"https:\/\/api.w.org\/{rel}","templated":true}]}}