{"id":1590,"date":"2022-04-06T12:06:10","date_gmt":"2022-04-06T17:06:10","guid":{"rendered":"http:\/\/propertyjournal.com.mx\/?p=1590"},"modified":"2022-04-06T12:06:10","modified_gmt":"2022-04-06T17:06:10","slug":"arte-urbano-el-compromiso-de-la-cultura-con-el-medio-ambiente","status":"publish","type":"post","link":"https:\/\/propertyjournal.com.mx\/en\/arte-urbano-el-compromiso-de-la-cultura-con-el-medio-ambiente\/","title":{"rendered":"Urban art: the commitment of culture with the environment"},"content":{"rendered":"<p>La emergencia clim\u00e1tica y sostenibilidad medioambiental son temas que ya se involucran desde hace varios a\u00f1os en distintos \u00e1mbitos de nuestra vida, como lo es en la construcci\u00f3n, la econom\u00eda, el transporte, la alimentaci\u00f3n y pr\u00e1cticamente casi todo, pero \u2026 \u00bfy el arte?Ahora, el arte se involucra y se suma como una soluci\u00f3n a los problemas que afectan a la humanidad.<\/p>\n<p><img fetchpriority=\"high\" decoding=\"async\" class=\"size-medium wp-image-1592 alignright\" src=\"http:\/\/propertyjournal.com.mx\/wp-content\/uploads\/2022\/04\/airlite1-175x300.jpg\" alt=\"\" width=\"175\" height=\"300\" data-wp-pid=\"1592\" srcset=\"https:\/\/propertyjournal.com.mx\/wp-content\/uploads\/2022\/04\/airlite1-175x300.jpg 175w, https:\/\/propertyjournal.com.mx\/wp-content\/uploads\/2022\/04\/airlite1-596x1024.jpg 596w, https:\/\/propertyjournal.com.mx\/wp-content\/uploads\/2022\/04\/airlite1.jpg 629w\" sizes=\"(max-width: 175px) 100vw, 175px\" \/>El comienzo de esto es Air is Art, un movimiento de arte sostenible y cultural para promover la concientizaci\u00f3n sobre la calidad del aire mediante la creaci\u00f3n de murales y otras obras. Air is art es una alianza entre el arte urbano y la ecopintura Airlite, que ha permitido el desarrollo del compromiso de la cultura con el medio ambiente.<\/p>\n<p>Airlite es una eco pintura anticontaminante que purifica el aire de la misma manera que los bosques: cada m2 equivale a plantar la misma superficie en \u00e1rboles.Airlite no tiene qu\u00edmicos y funciona con la luz y la humedad del aire; descompone las sustancias org\u00e1nicas nocivas (\u00f3xidos de nitr\u00f3geno) y las transforma en inofensivas logrando eliminar hasta el 88.8% de la contaminaci\u00f3n exterior. \u00a0Asimismo, al parecer elimina tambi\u00e9n el coronavirus, otros virus, bacterias y mohos en exterior e interior<\/p>\n<p><img decoding=\"async\" class=\"wp-image-1593 alignleft\" src=\"http:\/\/propertyjournal.com.mx\/wp-content\/uploads\/2022\/04\/airlite3-300x300.jpg\" alt=\"\" width=\"240\" height=\"240\" data-wp-pid=\"1593\" srcset=\"https:\/\/propertyjournal.com.mx\/wp-content\/uploads\/2022\/04\/airlite3-300x300.jpg 300w, https:\/\/propertyjournal.com.mx\/wp-content\/uploads\/2022\/04\/airlite3-1024x1024.jpg 1024w, https:\/\/propertyjournal.com.mx\/wp-content\/uploads\/2022\/04\/airlite3-150x150.jpg 150w, https:\/\/propertyjournal.com.mx\/wp-content\/uploads\/2022\/04\/airlite3-768x768.jpg 768w, https:\/\/propertyjournal.com.mx\/wp-content\/uploads\/2022\/04\/airlite3.jpg 1080w\" sizes=\"(max-width: 240px) 100vw, 240px\" \/>Algunos ejemplos de este movimiento se encuentran en Roma, Amsterdam y la Ciudad de M\u00e9xico.\u00a0En CDMX hay tres de estos murales ecol\u00f3gicos. Uno es un \u00e1rbol de 35m en Paseo de la Reforma logrado por el colectivo espa\u00f1ol Boa Mistura. Por su parte, el italiano Iena Cruz, es el autor de Hunting Pollution en Roma: el mural ecosostenible de 1000 m2 de superficie, lo que lo hace el m\u00e1s grande de Europa y el pulm\u00f3n de la capital italiana.En Amsterdam, Diversity in Bureaucracy es un mural de 100 m2 que aborda el tema de la desigualdad por el artista holand\u00e9s Judith De Leeuw.<\/p>","protected":false},"excerpt":{"rendered":"<p>La emergencia clim\u00e1tica y sostenibilidad medioambiental son temas que ya se involucran desde hace varios a\u00f1os en distintos \u00e1mbitos de nuestra vida, como lo es en la construcci\u00f3n, la econom\u00eda, el transporte, la alimentaci\u00f3n y pr\u00e1cticamente casi todo, pero \u2026 \u00bfy el arte?Ahora, el arte se involucra y se suma como una soluci\u00f3n a los [&hellip;]<\/p>\n","protected":false},"author":3,"featured_media":1591,"comment_status":"open","ping_status":"open","sticky":false,"template":"","format":"standard","meta":{"_joinchat":[],"footnotes":""},"categories":[299],"tags":[403,404,307,308,405,406,407,334,335,408],"class_list":["post-1590","post","type-post","status-publish","format-standard","has-post-thumbnail","hentry","category-arte-arquitectura","tag-air-is-art","tag-airlite","tag-art","tag-arte","tag-arte-urbano","tag-eco-painting","tag-ecopintura","tag-sustainability","tag-sustentabilidad","tag-urban-art"],"yoast_head":"<!-- This site is optimized with the Yoast SEO Premium plugin v20.8 (Yoast SEO v27.2) - https:\/\/yoast.com\/product\/yoast-seo-premium-wordpress\/ -->\n<title>Arte urbano: el compromiso de la cultura con el medio ambiente - Property Journal<\/title>\n<meta name=\"robots\" content=\"index, follow, max-snippet:-1, max-image-preview:large, max-video-preview:-1\" \/>\n<link rel=\"canonical\" href=\"https:\/\/propertyjournal.com.mx\/en\/arte-urbano-el-compromiso-de-la-cultura-con-el-medio-ambiente\/\" \/>\n<meta property=\"og:locale\" content=\"en_US\" \/>\n<meta property=\"og:type\" content=\"article\" \/>\n<meta property=\"og:title\" content=\"Arte urbano: el compromiso de la cultura con el medio ambiente\" \/>\n<meta property=\"og:description\" content=\"La emergencia clim\u00e1tica y sostenibilidad medioambiental son temas que ya se involucran desde hace varios a\u00f1os en distintos \u00e1mbitos de nuestra vida, como lo es en la construcci\u00f3n, la econom\u00eda, el transporte, la alimentaci\u00f3n y pr\u00e1cticamente casi todo, pero \u2026 \u00bfy el arte?Ahora, el arte se involucra y se suma como una soluci\u00f3n a los [&hellip;]\" \/>\n<meta property=\"og:url\" content=\"https:\/\/propertyjournal.com.mx\/en\/arte-urbano-el-compromiso-de-la-cultura-con-el-medio-ambiente\/\" \/>\n<meta property=\"og:site_name\" content=\"Property Journal\" \/>\n<meta property=\"article:publisher\" content=\"https:\/\/www.facebook.com\/propertyjournalmx\" \/>\n<meta property=\"article:published_time\" content=\"2022-04-06T17:06:10+00:00\" \/>\n<meta property=\"og:image\" content=\"https:\/\/propertyjournal.com.mx\/wp-content\/uploads\/2022\/04\/airlite2.jpg\" \/>\n\t<meta property=\"og:image:width\" content=\"564\" \/>\n\t<meta property=\"og:image:height\" content=\"375\" \/>\n\t<meta property=\"og:image:type\" content=\"image\/jpeg\" \/>\n<meta name=\"author\" content=\"Property Journal\" \/>\n<meta name=\"twitter:card\" content=\"summary_large_image\" \/>\n<meta name=\"twitter:label1\" content=\"Written by\" \/>\n\t<meta name=\"twitter:data1\" content=\"Property Journal\" \/>\n\t<meta name=\"twitter:label2\" content=\"Est. reading time\" \/>\n\t<meta name=\"twitter:data2\" content=\"2 minutes\" \/>\n<script type=\"application\/ld+json\" class=\"yoast-schema-graph\">{\"@context\":\"https:\/\/schema.org\",\"@graph\":[{\"@type\":\"Article\",\"@id\":\"https:\/\/propertyjournal.com.mx\/arte-urbano-el-compromiso-de-la-cultura-con-el-medio-ambiente\/#article\",\"isPartOf\":{\"@id\":\"https:\/\/propertyjournal.com.mx\/arte-urbano-el-compromiso-de-la-cultura-con-el-medio-ambiente\/\"},\"author\":{\"name\":\"Property Journal\",\"@id\":\"https:\/\/propertyjournal.com.mx\/en\/#\/schema\/person\/ca6923a448dc0724eb4c1ccd2e9e8201\"},\"headline\":\"Arte urbano: el compromiso de la cultura con el medio ambiente\",\"datePublished\":\"2022-04-06T17:06:10+00:00\",\"mainEntityOfPage\":{\"@id\":\"https:\/\/propertyjournal.com.mx\/arte-urbano-el-compromiso-de-la-cultura-con-el-medio-ambiente\/\"},\"wordCount\":333,\"commentCount\":0,\"publisher\":{\"@id\":\"https:\/\/propertyjournal.com.mx\/en\/#organization\"},\"image\":{\"@id\":\"https:\/\/propertyjournal.com.mx\/arte-urbano-el-compromiso-de-la-cultura-con-el-medio-ambiente\/#primaryimage\"},\"thumbnailUrl\":\"https:\/\/propertyjournal.com.mx\/wp-content\/uploads\/2022\/04\/airlite2.jpg\",\"keywords\":[\"air is art\",\"airlite\",\"art\",\"arte\",\"arte urbano\",\"eco painting\",\"ecopintura\",\"sustainability\",\"sustentabilidad\",\"urban art\"],\"articleSection\":[\"Arte y Arquitectura\"],\"inLanguage\":\"en-US\",\"potentialAction\":[{\"@type\":\"CommentAction\",\"name\":\"Comment\",\"target\":[\"https:\/\/propertyjournal.com.mx\/arte-urbano-el-compromiso-de-la-cultura-con-el-medio-ambiente\/#respond\"]}]},{\"@type\":\"WebPage\",\"@id\":\"https:\/\/propertyjournal.com.mx\/arte-urbano-el-compromiso-de-la-cultura-con-el-medio-ambiente\/\",\"url\":\"https:\/\/propertyjournal.com.mx\/arte-urbano-el-compromiso-de-la-cultura-con-el-medio-ambiente\/\",\"name\":\"Arte urbano: el compromiso de la cultura con el medio ambiente - Property Journal\",\"isPartOf\":{\"@id\":\"https:\/\/propertyjournal.com.mx\/en\/#website\"},\"primaryImageOfPage\":{\"@id\":\"https:\/\/propertyjournal.com.mx\/arte-urbano-el-compromiso-de-la-cultura-con-el-medio-ambiente\/#primaryimage\"},\"image\":{\"@id\":\"https:\/\/propertyjournal.com.mx\/arte-urbano-el-compromiso-de-la-cultura-con-el-medio-ambiente\/#primaryimage\"},\"thumbnailUrl\":\"https:\/\/propertyjournal.com.mx\/wp-content\/uploads\/2022\/04\/airlite2.jpg\",\"datePublished\":\"2022-04-06T17:06:10+00:00\",\"breadcrumb\":{\"@id\":\"https:\/\/propertyjournal.com.mx\/arte-urbano-el-compromiso-de-la-cultura-con-el-medio-ambiente\/#breadcrumb\"},\"inLanguage\":\"en-US\",\"potentialAction\":[{\"@type\":\"ReadAction\",\"target\":[\"https:\/\/propertyjournal.com.mx\/arte-urbano-el-compromiso-de-la-cultura-con-el-medio-ambiente\/\"]}]},{\"@type\":\"ImageObject\",\"inLanguage\":\"en-US\",\"@id\":\"https:\/\/propertyjournal.com.mx\/arte-urbano-el-compromiso-de-la-cultura-con-el-medio-ambiente\/#primaryimage\",\"url\":\"https:\/\/propertyjournal.com.mx\/wp-content\/uploads\/2022\/04\/airlite2.jpg\",\"contentUrl\":\"https:\/\/propertyjournal.com.mx\/wp-content\/uploads\/2022\/04\/airlite2.jpg\",\"width\":564,\"height\":375},{\"@type\":\"BreadcrumbList\",\"@id\":\"https:\/\/propertyjournal.com.mx\/arte-urbano-el-compromiso-de-la-cultura-con-el-medio-ambiente\/#breadcrumb\",\"itemListElement\":[{\"@type\":\"ListItem\",\"position\":1,\"name\":\"Home\",\"item\":\"https:\/\/propertyjournal.com.mx\/\"},{\"@type\":\"ListItem\",\"position\":2,\"name\":\"Arte urbano: el compromiso de la cultura con el medio ambiente\"}]},{\"@type\":\"WebSite\",\"@id\":\"https:\/\/propertyjournal.com.mx\/en\/#website\",\"url\":\"https:\/\/propertyjournal.com.mx\/en\/\",\"name\":\"Property Journal\",\"description\":\"News Real Estate\",\"publisher\":{\"@id\":\"https:\/\/propertyjournal.com.mx\/en\/#organization\"},\"potentialAction\":[{\"@type\":\"SearchAction\",\"target\":{\"@type\":\"EntryPoint\",\"urlTemplate\":\"https:\/\/propertyjournal.com.mx\/en\/?s={search_term_string}\"},\"query-input\":{\"@type\":\"PropertyValueSpecification\",\"valueRequired\":true,\"valueName\":\"search_term_string\"}}],\"inLanguage\":\"en-US\"},{\"@type\":\"Organization\",\"@id\":\"https:\/\/propertyjournal.com.mx\/en\/#organization\",\"name\":\"Property Journal\",\"url\":\"https:\/\/propertyjournal.com.mx\/en\/\",\"logo\":{\"@type\":\"ImageObject\",\"inLanguage\":\"en-US\",\"@id\":\"https:\/\/propertyjournal.com.mx\/en\/#\/schema\/logo\/image\/\",\"url\":\"https:\/\/propertyjournal.com.mx\/wp-content\/uploads\/2023\/04\/logo2-property-journal.png\",\"contentUrl\":\"https:\/\/propertyjournal.com.mx\/wp-content\/uploads\/2023\/04\/logo2-property-journal.png\",\"width\":380,\"height\":180,\"caption\":\"Property Journal\"},\"image\":{\"@id\":\"https:\/\/propertyjournal.com.mx\/en\/#\/schema\/logo\/image\/\"},\"sameAs\":[\"https:\/\/www.facebook.com\/propertyjournalmx\",\"https:\/\/www.instagram.com\/propertyjournalmx\/\"]},{\"@type\":\"Person\",\"@id\":\"https:\/\/propertyjournal.com.mx\/en\/#\/schema\/person\/ca6923a448dc0724eb4c1ccd2e9e8201\",\"name\":\"Property Journal\",\"image\":{\"@type\":\"ImageObject\",\"inLanguage\":\"en-US\",\"@id\":\"https:\/\/propertyjournal.com.mx\/wp-content\/litespeed\/avatar\/92a947da4e17221d7d35fe8c0373b90d.jpg?ver=1776936953\",\"url\":\"https:\/\/propertyjournal.com.mx\/wp-content\/litespeed\/avatar\/92a947da4e17221d7d35fe8c0373b90d.jpg?ver=1776936953\",\"contentUrl\":\"https:\/\/propertyjournal.com.mx\/wp-content\/litespeed\/avatar\/92a947da4e17221d7d35fe8c0373b90d.jpg?ver=1776936953\",\"caption\":\"Property Journal\"},\"url\":\"https:\/\/propertyjournal.com.mx\/en\/author\/camila\/\"}]}<\/script>\n<!-- \/ Yoast SEO Premium plugin. -->","yoast_head_json":{"title":"Arte urbano: el compromiso de la cultura con el medio ambiente - Property Journal","robots":{"index":"index","follow":"follow","max-snippet":"max-snippet:-1","max-image-preview":"max-image-preview:large","max-video-preview":"max-video-preview:-1"},"canonical":"https:\/\/propertyjournal.com.mx\/en\/arte-urbano-el-compromiso-de-la-cultura-con-el-medio-ambiente\/","og_locale":"en_US","og_type":"article","og_title":"Arte urbano: el compromiso de la cultura con el medio ambiente","og_description":"La emergencia clim\u00e1tica y sostenibilidad medioambiental son temas que ya se involucran desde hace varios a\u00f1os en distintos \u00e1mbitos de nuestra vida, como lo es en la construcci\u00f3n, la econom\u00eda, el transporte, la alimentaci\u00f3n y pr\u00e1cticamente casi todo, pero \u2026 \u00bfy el arte?Ahora, el arte se involucra y se suma como una soluci\u00f3n a los [&hellip;]","og_url":"https:\/\/propertyjournal.com.mx\/en\/arte-urbano-el-compromiso-de-la-cultura-con-el-medio-ambiente\/","og_site_name":"Property Journal","article_publisher":"https:\/\/www.facebook.com\/propertyjournalmx","article_published_time":"2022-04-06T17:06:10+00:00","og_image":[{"width":564,"height":375,"url":"https:\/\/propertyjournal.com.mx\/wp-content\/uploads\/2022\/04\/airlite2.jpg","type":"image\/jpeg"}],"author":"Property Journal","twitter_card":"summary_large_image","twitter_misc":{"Written by":"Property Journal","Est. reading time":"2 minutes"},"schema":{"@context":"https:\/\/schema.org","@graph":[{"@type":"Article","@id":"https:\/\/propertyjournal.com.mx\/arte-urbano-el-compromiso-de-la-cultura-con-el-medio-ambiente\/#article","isPartOf":{"@id":"https:\/\/propertyjournal.com.mx\/arte-urbano-el-compromiso-de-la-cultura-con-el-medio-ambiente\/"},"author":{"name":"Property Journal","@id":"https:\/\/propertyjournal.com.mx\/en\/#\/schema\/person\/ca6923a448dc0724eb4c1ccd2e9e8201"},"headline":"Arte urbano: el compromiso de la cultura con el medio ambiente","datePublished":"2022-04-06T17:06:10+00:00","mainEntityOfPage":{"@id":"https:\/\/propertyjournal.com.mx\/arte-urbano-el-compromiso-de-la-cultura-con-el-medio-ambiente\/"},"wordCount":333,"commentCount":0,"publisher":{"@id":"https:\/\/propertyjournal.com.mx\/en\/#organization"},"image":{"@id":"https:\/\/propertyjournal.com.mx\/arte-urbano-el-compromiso-de-la-cultura-con-el-medio-ambiente\/#primaryimage"},"thumbnailUrl":"https:\/\/propertyjournal.com.mx\/wp-content\/uploads\/2022\/04\/airlite2.jpg","keywords":["air is art","airlite","art","arte","arte urbano","eco painting","ecopintura","sustainability","sustentabilidad","urban art"],"articleSection":["Arte y Arquitectura"],"inLanguage":"en-US","potentialAction":[{"@type":"CommentAction","name":"Comment","target":["https:\/\/propertyjournal.com.mx\/arte-urbano-el-compromiso-de-la-cultura-con-el-medio-ambiente\/#respond"]}]},{"@type":"WebPage","@id":"https:\/\/propertyjournal.com.mx\/arte-urbano-el-compromiso-de-la-cultura-con-el-medio-ambiente\/","url":"https:\/\/propertyjournal.com.mx\/arte-urbano-el-compromiso-de-la-cultura-con-el-medio-ambiente\/","name":"Arte urbano: el compromiso de la cultura con el medio ambiente - Property Journal","isPartOf":{"@id":"https:\/\/propertyjournal.com.mx\/en\/#website"},"primaryImageOfPage":{"@id":"https:\/\/propertyjournal.com.mx\/arte-urbano-el-compromiso-de-la-cultura-con-el-medio-ambiente\/#primaryimage"},"image":{"@id":"https:\/\/propertyjournal.com.mx\/arte-urbano-el-compromiso-de-la-cultura-con-el-medio-ambiente\/#primaryimage"},"thumbnailUrl":"https:\/\/propertyjournal.com.mx\/wp-content\/uploads\/2022\/04\/airlite2.jpg","datePublished":"2022-04-06T17:06:10+00:00","breadcrumb":{"@id":"https:\/\/propertyjournal.com.mx\/arte-urbano-el-compromiso-de-la-cultura-con-el-medio-ambiente\/#breadcrumb"},"inLanguage":"en-US","potentialAction":[{"@type":"ReadAction","target":["https:\/\/propertyjournal.com.mx\/arte-urbano-el-compromiso-de-la-cultura-con-el-medio-ambiente\/"]}]},{"@type":"ImageObject","inLanguage":"en-US","@id":"https:\/\/propertyjournal.com.mx\/arte-urbano-el-compromiso-de-la-cultura-con-el-medio-ambiente\/#primaryimage","url":"https:\/\/propertyjournal.com.mx\/wp-content\/uploads\/2022\/04\/airlite2.jpg","contentUrl":"https:\/\/propertyjournal.com.mx\/wp-content\/uploads\/2022\/04\/airlite2.jpg","width":564,"height":375},{"@type":"BreadcrumbList","@id":"https:\/\/propertyjournal.com.mx\/arte-urbano-el-compromiso-de-la-cultura-con-el-medio-ambiente\/#breadcrumb","itemListElement":[{"@type":"ListItem","position":1,"name":"Home","item":"https:\/\/propertyjournal.com.mx\/"},{"@type":"ListItem","position":2,"name":"Arte urbano: el compromiso de la cultura con el medio ambiente"}]},{"@type":"WebSite","@id":"https:\/\/propertyjournal.com.mx\/en\/#website","url":"https:\/\/propertyjournal.com.mx\/en\/","name":"Property Journal","description":"News Real Estate","publisher":{"@id":"https:\/\/propertyjournal.com.mx\/en\/#organization"},"potentialAction":[{"@type":"SearchAction","target":{"@type":"EntryPoint","urlTemplate":"https:\/\/propertyjournal.com.mx\/en\/?s={search_term_string}"},"query-input":{"@type":"PropertyValueSpecification","valueRequired":true,"valueName":"search_term_string"}}],"inLanguage":"en-US"},{"@type":"Organization","@id":"https:\/\/propertyjournal.com.mx\/en\/#organization","name":"Property Journal","url":"https:\/\/propertyjournal.com.mx\/en\/","logo":{"@type":"ImageObject","inLanguage":"en-US","@id":"https:\/\/propertyjournal.com.mx\/en\/#\/schema\/logo\/image\/","url":"https:\/\/propertyjournal.com.mx\/wp-content\/uploads\/2023\/04\/logo2-property-journal.png","contentUrl":"https:\/\/propertyjournal.com.mx\/wp-content\/uploads\/2023\/04\/logo2-property-journal.png","width":380,"height":180,"caption":"Property Journal"},"image":{"@id":"https:\/\/propertyjournal.com.mx\/en\/#\/schema\/logo\/image\/"},"sameAs":["https:\/\/www.facebook.com\/propertyjournalmx","https:\/\/www.instagram.com\/propertyjournalmx\/"]},{"@type":"Person","@id":"https:\/\/propertyjournal.com.mx\/en\/#\/schema\/person\/ca6923a448dc0724eb4c1ccd2e9e8201","name":"Property Journal","image":{"@type":"ImageObject","inLanguage":"en-US","@id":"https:\/\/propertyjournal.com.mx\/wp-content\/litespeed\/avatar\/92a947da4e17221d7d35fe8c0373b90d.jpg?ver=1776936953","url":"https:\/\/propertyjournal.com.mx\/wp-content\/litespeed\/avatar\/92a947da4e17221d7d35fe8c0373b90d.jpg?ver=1776936953","contentUrl":"https:\/\/propertyjournal.com.mx\/wp-content\/litespeed\/avatar\/92a947da4e17221d7d35fe8c0373b90d.jpg?ver=1776936953","caption":"Property Journal"},"url":"https:\/\/propertyjournal.com.mx\/en\/author\/camila\/"}]}},"_links":{"self":[{"href":"https:\/\/propertyjournal.com.mx\/en\/wp-json\/wp\/v2\/posts\/1590","targetHints":{"allow":["GET"]}}],"collection":[{"href":"https:\/\/propertyjournal.com.mx\/en\/wp-json\/wp\/v2\/posts"}],"about":[{"href":"https:\/\/propertyjournal.com.mx\/en\/wp-json\/wp\/v2\/types\/post"}],"author":[{"embeddable":true,"href":"https:\/\/propertyjournal.com.mx\/en\/wp-json\/wp\/v2\/users\/3"}],"replies":[{"embeddable":true,"href":"https:\/\/propertyjournal.com.mx\/en\/wp-json\/wp\/v2\/comments?post=1590"}],"version-history":[{"count":0,"href":"https:\/\/propertyjournal.com.mx\/en\/wp-json\/wp\/v2\/posts\/1590\/revisions"}],"wp:featuredmedia":[{"embeddable":true,"href":"https:\/\/propertyjournal.com.mx\/en\/wp-json\/wp\/v2\/media\/1591"}],"wp:attachment":[{"href":"https:\/\/propertyjournal.com.mx\/en\/wp-json\/wp\/v2\/media?parent=1590"}],"wp:term":[{"taxonomy":"category","embeddable":true,"href":"https:\/\/propertyjournal.com.mx\/en\/wp-json\/wp\/v2\/categories?post=1590"},{"taxonomy":"post_tag","embeddable":true,"href":"https:\/\/propertyjournal.com.mx\/en\/wp-json\/wp\/v2\/tags?post=1590"}],"curies":[{"name":"wp","href":"https:\/\/api.w.org\/{rel}","templated":true}]}}