{"id":1610,"date":"2022-04-18T10:38:28","date_gmt":"2022-04-18T15:38:28","guid":{"rendered":"http:\/\/propertyjournal.com.mx\/?p=1610"},"modified":"2022-04-18T10:38:28","modified_gmt":"2022-04-18T15:38:28","slug":"diebedo-francis-kere-premio-pritzker-2022","status":"publish","type":"post","link":"https:\/\/propertyjournal.com.mx\/en\/diebedo-francis-kere-premio-pritzker-2022\/","title":{"rendered":"Di\u00e9b\u00e9do Francis K\u00e9r\u00e9, Premio Pritzker 2022"},"content":{"rendered":"<p>\u201cTenemos que luchar para crear la calidad que necesitamos para mejorar la vida de las personas\u201d, declar\u00f3 Francis K\u00e9r\u00e9<\/p>\n<p>El 15 de marzo, Tom Pritzker, presidente de The Hyatt Foundation, anunci\u00f3 a Di\u00e9b\u00e9do Francis K\u00e9r\u00e9 como el ganador del Premio Pritzker de Arquitectura 2022, galard\u00f3n que es conocido como el \u2018Nobel de Arquitectura\u2019.<\/p>\n<p>De esta manera, Francis K\u00e9r\u00e9 se convierte en el ganador n\u00famero 51 del premio, fundado en 1979, sucediendo a los franceses Anne Lacaton y Jean-Philippe Vassal.<\/p>\n<p>\u201cA trav\u00e9s de edificios que demuestran belleza, modestia, audacia e invenci\u00f3n, y por la integridad de su arquitectura y gesto, K\u00e9r\u00e9 defiende con gracia la misi\u00f3n de este Premio\u201d, destaca el comunicado oficial del Premio Pritzker.<\/p>\n<p>Asimismo, los organizadores del Premio reconocieron a Francis K\u00e9r\u00e9 por empoderar y transformar comunidades a trav\u00e9s del proceso de la arquitectura; as\u00ed como por sus dise\u00f1os innovadores y sostenibles.<\/p>\n<p><img fetchpriority=\"high\" decoding=\"async\" class=\"size-medium wp-image-1612 alignleft\" src=\"http:\/\/propertyjournal.com.mx\/wp-content\/uploads\/2022\/04\/b93e7e343eea05fc3611802fcd98fa01-240x300.jpg\" alt=\"\" width=\"240\" height=\"300\" data-wp-pid=\"1612\" srcset=\"https:\/\/propertyjournal.com.mx\/wp-content\/uploads\/2022\/04\/b93e7e343eea05fc3611802fcd98fa01-240x300.jpg 240w, https:\/\/propertyjournal.com.mx\/wp-content\/uploads\/2022\/04\/b93e7e343eea05fc3611802fcd98fa01.jpg 564w\" sizes=\"(max-width: 240px) 100vw, 240px\" \/>\u00bfQui\u00e9n es Di\u00e9b\u00e9do Francis K\u00e9r\u00e9?<\/p>\n<p>K\u00e9r\u00e9 naci\u00f3 en la peque\u00f1a aldea de Gando, Burkina Faso, en 1965. Como hijo mayor del jefe del pueblo, fue el primero en su comunidad en asistir a la escuela, lugar donde surgi\u00f3 su sentido de la arquitectura, ya que las aulas de Gando carec\u00edan de ventilaci\u00f3n y luz.<\/p>\n<blockquote><p>\u201cCrec\u00ed en una comunidad donde no hab\u00eda jard\u00edn de infantes, pero donde toda la comunidad era tu familia. Todo el mundo te cuidaba y todo el pueblo era tu patio de recreo. Mis d\u00edas se trataban de asegurar comida y agua, pero tambi\u00e9n simplemente de estar juntos, hablar juntos, construir casas juntos. Recuerdo el cuarto donde mi abuela se sentaba y contaba historias con un poco de luz, mientras nos acurruc\u00e1bamos uno al lado del otro y su voz dentro del cuarto nos envolv\u00eda, convoc\u00e1ndonos a acercarnos y formar un lugar seguro. Este fue mi primer sentido de la arquitectura\u201d, recuerda el arquitecto.<\/p><\/blockquote>\n<p>En 1985, viaj\u00f3 a Berl\u00edn con una beca de carpinter\u00eda vocacional, con la que aprendi\u00f3 a hacer techos y muebles. Posteriormente, en 1995, obtuvo una beca para asistir a la Technische Universit\u00e4t Berlin, gradu\u00e1ndose en 2004 con un t\u00edtulo avanzado en arquitectura.<\/p>\n<p>En 1998 estableci\u00f3 la Fundaci\u00f3n K\u00e9r\u00e9 para recaudar fondos y brindar a los ni\u00f1os de su comunidad un sal\u00f3n de clases adecuado. As\u00ed, su primer proyecto fue la Escuela Primaria Gando, en 2001, para brindar soluciones a los problemas que enfrentaba su pa\u00eds de origen, como el no contar con infraestructura educativa de calidad. \u00c9sta fue construida por y para los lugare\u00f1os, quienes fabricaron a mano cada parte del recinto.<\/p>\n<p>As\u00ed, 2005, fund\u00f3 el estudio K\u00e9r\u00e9 Architecture en Berl\u00edn.<\/p>\n<p>La arquitectura de K\u00e9r\u00e9<\/p>\n<p>\u201cUna expresi\u00f3n po\u00e9tica de la luz es consistente a lo largo de las obras de K\u00e9r\u00e9. Los rayos del sol se filtran en edificios, patios y espacios intermedios superando las duras condiciones del mediod\u00eda para ofrecer lugares de serenidad o encuentro\u201d, menciona el comunicado del Premio Pritzker.<\/p>\n<p>La obra de Francis K\u00e9r\u00e9 se caracteriza por evocar la arquitectura tradicional africana, combinada con t\u00e9cnicas constructivas innovadoras; adem\u00e1s de la utilizaci\u00f3n de materiales locales y la edificaci\u00f3n de proyectos que otorguen calidad de vida a las comunidades.<\/p>\n<p>\u201cEspero cambiar el paradigma, empujar a la gente a so\u00f1ar y arriesgarse. No porque seas rico debes desperdiciar material. No porque seas pobre no puedes intentar crear calidad. Todos merecen calidad, todos merecen lujo y todos merecen comodidad. Estamos interrelacionados y las preocupaciones sobre el clima, la democracia y la escasez son preocupaciones para todos nosotros.<\/p>\n<p>\u201cTenemos que luchar para crear la calidad que necesitamos para mejorar la vida de las personas\u201d, declar\u00f3 el arquitecto.<\/p>\n<p>Tras el \u00e9xito obtenido con la Escuela Primaria de Gando, Ker\u00e9 realiz\u00f3 instalaciones m\u00e9dicas, primarias, secundarias y postsecundarias en Burkina Faso, Kenia, Mozambique y Uganda.<\/p>\n<p><img decoding=\"async\" class=\"size-medium wp-image-1613 alignright\" src=\"http:\/\/propertyjournal.com.mx\/wp-content\/uploads\/2022\/04\/pritzker4-300x200.jpg\" alt=\"\" width=\"300\" height=\"200\" data-wp-pid=\"1613\" srcset=\"https:\/\/propertyjournal.com.mx\/wp-content\/uploads\/2022\/04\/pritzker4-300x200.jpg 300w, https:\/\/propertyjournal.com.mx\/wp-content\/uploads\/2022\/04\/pritzker4-1024x682.jpg 1024w, https:\/\/propertyjournal.com.mx\/wp-content\/uploads\/2022\/04\/pritzker4-768x511.jpg 768w, https:\/\/propertyjournal.com.mx\/wp-content\/uploads\/2022\/04\/pritzker4-555x370.jpg 555w, https:\/\/propertyjournal.com.mx\/wp-content\/uploads\/2022\/04\/pritzker4.jpg 1080w\" sizes=\"(max-width: 300px) 100vw, 300px\" \/>Sus obras tambi\u00e9n incluyen pabellones e instalaciones en Alemania, Italia, Dinamarca, Suiza, Reino Unido y Estados Unidos. Asimismo, est\u00e1n en proceso dos edificios hist\u00f3ricos del parlamento: la Asamblea Nacional de Burkina Faso y la Asamblea Nacional de Benin; as\u00ed como el TStartup Lions, un campus de tecnolog\u00edas de la informaci\u00f3n y la comunicaci\u00f3n en Kenia, y el Instituto de Tecnolog\u00eda de Burkina Faso.<\/p>\n<p>&nbsp;<\/p>","protected":false},"excerpt":{"rendered":"<p>\u201cTenemos que luchar para crear la calidad que necesitamos para mejorar la vida de las personas\u201d, declar\u00f3 Francis K\u00e9r\u00e9 El 15 de marzo, Tom Pritzker, presidente de The Hyatt Foundation, anunci\u00f3 a Di\u00e9b\u00e9do Francis K\u00e9r\u00e9 como el ganador del Premio Pritzker de Arquitectura 2022, galard\u00f3n que es conocido como el \u2018Nobel de Arquitectura\u2019. De esta [&hellip;]<\/p>\n","protected":false},"author":3,"featured_media":1611,"comment_status":"open","ping_status":"open","sticky":false,"template":"","format":"standard","meta":{"_joinchat":[],"footnotes":""},"categories":[299],"tags":[305,306,307,308,415,416],"class_list":["post-1610","post","type-post","status-publish","format-standard","has-post-thumbnail","hentry","category-arte-arquitectura","tag-architecture","tag-arquitectura","tag-art","tag-arte","tag-francis-kere","tag-pritzker"],"yoast_head":"<!-- This site is optimized with the Yoast SEO Premium plugin v20.8 (Yoast SEO v27.2) - https:\/\/yoast.com\/product\/yoast-seo-premium-wordpress\/ -->\n<title>Di\u00e9b\u00e9do Francis K\u00e9r\u00e9, Premio Pritzker 2022 - Property Journal<\/title>\n<meta name=\"robots\" content=\"index, follow, max-snippet:-1, max-image-preview:large, max-video-preview:-1\" \/>\n<link rel=\"canonical\" href=\"https:\/\/propertyjournal.com.mx\/en\/diebedo-francis-kere-premio-pritzker-2022\/\" \/>\n<meta property=\"og:locale\" content=\"en_US\" \/>\n<meta property=\"og:type\" content=\"article\" \/>\n<meta property=\"og:title\" content=\"Di\u00e9b\u00e9do Francis K\u00e9r\u00e9, Premio Pritzker 2022\" \/>\n<meta property=\"og:description\" content=\"\u201cTenemos que luchar para crear la calidad que necesitamos para mejorar la vida de las personas\u201d, declar\u00f3 Francis K\u00e9r\u00e9 El 15 de marzo, Tom Pritzker, presidente de The Hyatt Foundation, anunci\u00f3 a Di\u00e9b\u00e9do Francis K\u00e9r\u00e9 como el ganador del Premio Pritzker de Arquitectura 2022, galard\u00f3n que es conocido como el \u2018Nobel de Arquitectura\u2019. De esta [&hellip;]\" \/>\n<meta property=\"og:url\" content=\"https:\/\/propertyjournal.com.mx\/en\/diebedo-francis-kere-premio-pritzker-2022\/\" \/>\n<meta property=\"og:site_name\" content=\"Property Journal\" \/>\n<meta property=\"article:publisher\" content=\"https:\/\/www.facebook.com\/propertyjournalmx\" \/>\n<meta property=\"article:published_time\" content=\"2022-04-18T15:38:28+00:00\" \/>\n<meta property=\"og:image\" content=\"https:\/\/propertyjournal.com.mx\/wp-content\/uploads\/2022\/04\/b2a8057054ad943fc5a62462983c4545.jpg\" \/>\n\t<meta property=\"og:image:width\" content=\"563\" \/>\n\t<meta property=\"og:image:height\" content=\"375\" \/>\n\t<meta property=\"og:image:type\" content=\"image\/jpeg\" \/>\n<meta name=\"author\" content=\"Property Journal\" \/>\n<meta name=\"twitter:card\" content=\"summary_large_image\" \/>\n<meta name=\"twitter:label1\" content=\"Written by\" \/>\n\t<meta name=\"twitter:data1\" content=\"Property Journal\" \/>\n\t<meta name=\"twitter:label2\" content=\"Est. reading time\" \/>\n\t<meta name=\"twitter:data2\" content=\"4 minutes\" \/>\n<script type=\"application\/ld+json\" class=\"yoast-schema-graph\">{\"@context\":\"https:\/\/schema.org\",\"@graph\":[{\"@type\":\"Article\",\"@id\":\"https:\/\/propertyjournal.com.mx\/diebedo-francis-kere-premio-pritzker-2022\/#article\",\"isPartOf\":{\"@id\":\"https:\/\/propertyjournal.com.mx\/diebedo-francis-kere-premio-pritzker-2022\/\"},\"author\":{\"name\":\"Property Journal\",\"@id\":\"https:\/\/propertyjournal.com.mx\/en\/#\/schema\/person\/ca6923a448dc0724eb4c1ccd2e9e8201\"},\"headline\":\"Di\u00e9b\u00e9do Francis K\u00e9r\u00e9, Premio Pritzker 2022\",\"datePublished\":\"2022-04-18T15:38:28+00:00\",\"mainEntityOfPage\":{\"@id\":\"https:\/\/propertyjournal.com.mx\/diebedo-francis-kere-premio-pritzker-2022\/\"},\"wordCount\":733,\"commentCount\":0,\"publisher\":{\"@id\":\"https:\/\/propertyjournal.com.mx\/en\/#organization\"},\"image\":{\"@id\":\"https:\/\/propertyjournal.com.mx\/diebedo-francis-kere-premio-pritzker-2022\/#primaryimage\"},\"thumbnailUrl\":\"https:\/\/propertyjournal.com.mx\/wp-content\/uploads\/2022\/04\/b2a8057054ad943fc5a62462983c4545.jpg\",\"keywords\":[\"architecture\",\"arquitectura\",\"art\",\"arte\",\"Francis K\u00e9r\u00e9\",\"Pritzker\"],\"articleSection\":[\"Arte y Arquitectura\"],\"inLanguage\":\"en-US\",\"potentialAction\":[{\"@type\":\"CommentAction\",\"name\":\"Comment\",\"target\":[\"https:\/\/propertyjournal.com.mx\/diebedo-francis-kere-premio-pritzker-2022\/#respond\"]}]},{\"@type\":\"WebPage\",\"@id\":\"https:\/\/propertyjournal.com.mx\/diebedo-francis-kere-premio-pritzker-2022\/\",\"url\":\"https:\/\/propertyjournal.com.mx\/diebedo-francis-kere-premio-pritzker-2022\/\",\"name\":\"Di\u00e9b\u00e9do Francis K\u00e9r\u00e9, Premio Pritzker 2022 - Property Journal\",\"isPartOf\":{\"@id\":\"https:\/\/propertyjournal.com.mx\/en\/#website\"},\"primaryImageOfPage\":{\"@id\":\"https:\/\/propertyjournal.com.mx\/diebedo-francis-kere-premio-pritzker-2022\/#primaryimage\"},\"image\":{\"@id\":\"https:\/\/propertyjournal.com.mx\/diebedo-francis-kere-premio-pritzker-2022\/#primaryimage\"},\"thumbnailUrl\":\"https:\/\/propertyjournal.com.mx\/wp-content\/uploads\/2022\/04\/b2a8057054ad943fc5a62462983c4545.jpg\",\"datePublished\":\"2022-04-18T15:38:28+00:00\",\"breadcrumb\":{\"@id\":\"https:\/\/propertyjournal.com.mx\/diebedo-francis-kere-premio-pritzker-2022\/#breadcrumb\"},\"inLanguage\":\"en-US\",\"potentialAction\":[{\"@type\":\"ReadAction\",\"target\":[\"https:\/\/propertyjournal.com.mx\/diebedo-francis-kere-premio-pritzker-2022\/\"]}]},{\"@type\":\"ImageObject\",\"inLanguage\":\"en-US\",\"@id\":\"https:\/\/propertyjournal.com.mx\/diebedo-francis-kere-premio-pritzker-2022\/#primaryimage\",\"url\":\"https:\/\/propertyjournal.com.mx\/wp-content\/uploads\/2022\/04\/b2a8057054ad943fc5a62462983c4545.jpg\",\"contentUrl\":\"https:\/\/propertyjournal.com.mx\/wp-content\/uploads\/2022\/04\/b2a8057054ad943fc5a62462983c4545.jpg\",\"width\":563,\"height\":375},{\"@type\":\"BreadcrumbList\",\"@id\":\"https:\/\/propertyjournal.com.mx\/diebedo-francis-kere-premio-pritzker-2022\/#breadcrumb\",\"itemListElement\":[{\"@type\":\"ListItem\",\"position\":1,\"name\":\"Home\",\"item\":\"https:\/\/propertyjournal.com.mx\/\"},{\"@type\":\"ListItem\",\"position\":2,\"name\":\"Di\u00e9b\u00e9do Francis K\u00e9r\u00e9, Premio Pritzker 2022\"}]},{\"@type\":\"WebSite\",\"@id\":\"https:\/\/propertyjournal.com.mx\/en\/#website\",\"url\":\"https:\/\/propertyjournal.com.mx\/en\/\",\"name\":\"Property Journal\",\"description\":\"News Real Estate\",\"publisher\":{\"@id\":\"https:\/\/propertyjournal.com.mx\/en\/#organization\"},\"potentialAction\":[{\"@type\":\"SearchAction\",\"target\":{\"@type\":\"EntryPoint\",\"urlTemplate\":\"https:\/\/propertyjournal.com.mx\/en\/?s={search_term_string}\"},\"query-input\":{\"@type\":\"PropertyValueSpecification\",\"valueRequired\":true,\"valueName\":\"search_term_string\"}}],\"inLanguage\":\"en-US\"},{\"@type\":\"Organization\",\"@id\":\"https:\/\/propertyjournal.com.mx\/en\/#organization\",\"name\":\"Property Journal\",\"url\":\"https:\/\/propertyjournal.com.mx\/en\/\",\"logo\":{\"@type\":\"ImageObject\",\"inLanguage\":\"en-US\",\"@id\":\"https:\/\/propertyjournal.com.mx\/en\/#\/schema\/logo\/image\/\",\"url\":\"https:\/\/propertyjournal.com.mx\/wp-content\/uploads\/2023\/04\/logo2-property-journal.png\",\"contentUrl\":\"https:\/\/propertyjournal.com.mx\/wp-content\/uploads\/2023\/04\/logo2-property-journal.png\",\"width\":380,\"height\":180,\"caption\":\"Property Journal\"},\"image\":{\"@id\":\"https:\/\/propertyjournal.com.mx\/en\/#\/schema\/logo\/image\/\"},\"sameAs\":[\"https:\/\/www.facebook.com\/propertyjournalmx\",\"https:\/\/www.instagram.com\/propertyjournalmx\/\"]},{\"@type\":\"Person\",\"@id\":\"https:\/\/propertyjournal.com.mx\/en\/#\/schema\/person\/ca6923a448dc0724eb4c1ccd2e9e8201\",\"name\":\"Property Journal\",\"image\":{\"@type\":\"ImageObject\",\"inLanguage\":\"en-US\",\"@id\":\"https:\/\/propertyjournal.com.mx\/wp-content\/litespeed\/avatar\/92a947da4e17221d7d35fe8c0373b90d.jpg?ver=1776936953\",\"url\":\"https:\/\/propertyjournal.com.mx\/wp-content\/litespeed\/avatar\/92a947da4e17221d7d35fe8c0373b90d.jpg?ver=1776936953\",\"contentUrl\":\"https:\/\/propertyjournal.com.mx\/wp-content\/litespeed\/avatar\/92a947da4e17221d7d35fe8c0373b90d.jpg?ver=1776936953\",\"caption\":\"Property Journal\"},\"url\":\"https:\/\/propertyjournal.com.mx\/en\/author\/camila\/\"}]}<\/script>\n<!-- \/ Yoast SEO Premium plugin. -->","yoast_head_json":{"title":"Di\u00e9b\u00e9do Francis K\u00e9r\u00e9, Premio Pritzker 2022 - Property Journal","robots":{"index":"index","follow":"follow","max-snippet":"max-snippet:-1","max-image-preview":"max-image-preview:large","max-video-preview":"max-video-preview:-1"},"canonical":"https:\/\/propertyjournal.com.mx\/en\/diebedo-francis-kere-premio-pritzker-2022\/","og_locale":"en_US","og_type":"article","og_title":"Di\u00e9b\u00e9do Francis K\u00e9r\u00e9, Premio Pritzker 2022","og_description":"\u201cTenemos que luchar para crear la calidad que necesitamos para mejorar la vida de las personas\u201d, declar\u00f3 Francis K\u00e9r\u00e9 El 15 de marzo, Tom Pritzker, presidente de The Hyatt Foundation, anunci\u00f3 a Di\u00e9b\u00e9do Francis K\u00e9r\u00e9 como el ganador del Premio Pritzker de Arquitectura 2022, galard\u00f3n que es conocido como el \u2018Nobel de Arquitectura\u2019. De esta [&hellip;]","og_url":"https:\/\/propertyjournal.com.mx\/en\/diebedo-francis-kere-premio-pritzker-2022\/","og_site_name":"Property Journal","article_publisher":"https:\/\/www.facebook.com\/propertyjournalmx","article_published_time":"2022-04-18T15:38:28+00:00","og_image":[{"width":563,"height":375,"url":"https:\/\/propertyjournal.com.mx\/wp-content\/uploads\/2022\/04\/b2a8057054ad943fc5a62462983c4545.jpg","type":"image\/jpeg"}],"author":"Property Journal","twitter_card":"summary_large_image","twitter_misc":{"Written by":"Property Journal","Est. reading time":"4 minutes"},"schema":{"@context":"https:\/\/schema.org","@graph":[{"@type":"Article","@id":"https:\/\/propertyjournal.com.mx\/diebedo-francis-kere-premio-pritzker-2022\/#article","isPartOf":{"@id":"https:\/\/propertyjournal.com.mx\/diebedo-francis-kere-premio-pritzker-2022\/"},"author":{"name":"Property Journal","@id":"https:\/\/propertyjournal.com.mx\/en\/#\/schema\/person\/ca6923a448dc0724eb4c1ccd2e9e8201"},"headline":"Di\u00e9b\u00e9do Francis K\u00e9r\u00e9, Premio Pritzker 2022","datePublished":"2022-04-18T15:38:28+00:00","mainEntityOfPage":{"@id":"https:\/\/propertyjournal.com.mx\/diebedo-francis-kere-premio-pritzker-2022\/"},"wordCount":733,"commentCount":0,"publisher":{"@id":"https:\/\/propertyjournal.com.mx\/en\/#organization"},"image":{"@id":"https:\/\/propertyjournal.com.mx\/diebedo-francis-kere-premio-pritzker-2022\/#primaryimage"},"thumbnailUrl":"https:\/\/propertyjournal.com.mx\/wp-content\/uploads\/2022\/04\/b2a8057054ad943fc5a62462983c4545.jpg","keywords":["architecture","arquitectura","art","arte","Francis K\u00e9r\u00e9","Pritzker"],"articleSection":["Arte y Arquitectura"],"inLanguage":"en-US","potentialAction":[{"@type":"CommentAction","name":"Comment","target":["https:\/\/propertyjournal.com.mx\/diebedo-francis-kere-premio-pritzker-2022\/#respond"]}]},{"@type":"WebPage","@id":"https:\/\/propertyjournal.com.mx\/diebedo-francis-kere-premio-pritzker-2022\/","url":"https:\/\/propertyjournal.com.mx\/diebedo-francis-kere-premio-pritzker-2022\/","name":"Di\u00e9b\u00e9do Francis K\u00e9r\u00e9, Premio Pritzker 2022 - Property Journal","isPartOf":{"@id":"https:\/\/propertyjournal.com.mx\/en\/#website"},"primaryImageOfPage":{"@id":"https:\/\/propertyjournal.com.mx\/diebedo-francis-kere-premio-pritzker-2022\/#primaryimage"},"image":{"@id":"https:\/\/propertyjournal.com.mx\/diebedo-francis-kere-premio-pritzker-2022\/#primaryimage"},"thumbnailUrl":"https:\/\/propertyjournal.com.mx\/wp-content\/uploads\/2022\/04\/b2a8057054ad943fc5a62462983c4545.jpg","datePublished":"2022-04-18T15:38:28+00:00","breadcrumb":{"@id":"https:\/\/propertyjournal.com.mx\/diebedo-francis-kere-premio-pritzker-2022\/#breadcrumb"},"inLanguage":"en-US","potentialAction":[{"@type":"ReadAction","target":["https:\/\/propertyjournal.com.mx\/diebedo-francis-kere-premio-pritzker-2022\/"]}]},{"@type":"ImageObject","inLanguage":"en-US","@id":"https:\/\/propertyjournal.com.mx\/diebedo-francis-kere-premio-pritzker-2022\/#primaryimage","url":"https:\/\/propertyjournal.com.mx\/wp-content\/uploads\/2022\/04\/b2a8057054ad943fc5a62462983c4545.jpg","contentUrl":"https:\/\/propertyjournal.com.mx\/wp-content\/uploads\/2022\/04\/b2a8057054ad943fc5a62462983c4545.jpg","width":563,"height":375},{"@type":"BreadcrumbList","@id":"https:\/\/propertyjournal.com.mx\/diebedo-francis-kere-premio-pritzker-2022\/#breadcrumb","itemListElement":[{"@type":"ListItem","position":1,"name":"Home","item":"https:\/\/propertyjournal.com.mx\/"},{"@type":"ListItem","position":2,"name":"Di\u00e9b\u00e9do Francis K\u00e9r\u00e9, Premio Pritzker 2022"}]},{"@type":"WebSite","@id":"https:\/\/propertyjournal.com.mx\/en\/#website","url":"https:\/\/propertyjournal.com.mx\/en\/","name":"Property Journal","description":"News Real Estate","publisher":{"@id":"https:\/\/propertyjournal.com.mx\/en\/#organization"},"potentialAction":[{"@type":"SearchAction","target":{"@type":"EntryPoint","urlTemplate":"https:\/\/propertyjournal.com.mx\/en\/?s={search_term_string}"},"query-input":{"@type":"PropertyValueSpecification","valueRequired":true,"valueName":"search_term_string"}}],"inLanguage":"en-US"},{"@type":"Organization","@id":"https:\/\/propertyjournal.com.mx\/en\/#organization","name":"Property Journal","url":"https:\/\/propertyjournal.com.mx\/en\/","logo":{"@type":"ImageObject","inLanguage":"en-US","@id":"https:\/\/propertyjournal.com.mx\/en\/#\/schema\/logo\/image\/","url":"https:\/\/propertyjournal.com.mx\/wp-content\/uploads\/2023\/04\/logo2-property-journal.png","contentUrl":"https:\/\/propertyjournal.com.mx\/wp-content\/uploads\/2023\/04\/logo2-property-journal.png","width":380,"height":180,"caption":"Property Journal"},"image":{"@id":"https:\/\/propertyjournal.com.mx\/en\/#\/schema\/logo\/image\/"},"sameAs":["https:\/\/www.facebook.com\/propertyjournalmx","https:\/\/www.instagram.com\/propertyjournalmx\/"]},{"@type":"Person","@id":"https:\/\/propertyjournal.com.mx\/en\/#\/schema\/person\/ca6923a448dc0724eb4c1ccd2e9e8201","name":"Property Journal","image":{"@type":"ImageObject","inLanguage":"en-US","@id":"https:\/\/propertyjournal.com.mx\/wp-content\/litespeed\/avatar\/92a947da4e17221d7d35fe8c0373b90d.jpg?ver=1776936953","url":"https:\/\/propertyjournal.com.mx\/wp-content\/litespeed\/avatar\/92a947da4e17221d7d35fe8c0373b90d.jpg?ver=1776936953","contentUrl":"https:\/\/propertyjournal.com.mx\/wp-content\/litespeed\/avatar\/92a947da4e17221d7d35fe8c0373b90d.jpg?ver=1776936953","caption":"Property Journal"},"url":"https:\/\/propertyjournal.com.mx\/en\/author\/camila\/"}]}},"_links":{"self":[{"href":"https:\/\/propertyjournal.com.mx\/en\/wp-json\/wp\/v2\/posts\/1610","targetHints":{"allow":["GET"]}}],"collection":[{"href":"https:\/\/propertyjournal.com.mx\/en\/wp-json\/wp\/v2\/posts"}],"about":[{"href":"https:\/\/propertyjournal.com.mx\/en\/wp-json\/wp\/v2\/types\/post"}],"author":[{"embeddable":true,"href":"https:\/\/propertyjournal.com.mx\/en\/wp-json\/wp\/v2\/users\/3"}],"replies":[{"embeddable":true,"href":"https:\/\/propertyjournal.com.mx\/en\/wp-json\/wp\/v2\/comments?post=1610"}],"version-history":[{"count":0,"href":"https:\/\/propertyjournal.com.mx\/en\/wp-json\/wp\/v2\/posts\/1610\/revisions"}],"wp:featuredmedia":[{"embeddable":true,"href":"https:\/\/propertyjournal.com.mx\/en\/wp-json\/wp\/v2\/media\/1611"}],"wp:attachment":[{"href":"https:\/\/propertyjournal.com.mx\/en\/wp-json\/wp\/v2\/media?parent=1610"}],"wp:term":[{"taxonomy":"category","embeddable":true,"href":"https:\/\/propertyjournal.com.mx\/en\/wp-json\/wp\/v2\/categories?post=1610"},{"taxonomy":"post_tag","embeddable":true,"href":"https:\/\/propertyjournal.com.mx\/en\/wp-json\/wp\/v2\/tags?post=1610"}],"curies":[{"name":"wp","href":"https:\/\/api.w.org\/{rel}","templated":true}]}}