{"id":1636,"date":"2022-04-19T12:59:16","date_gmt":"2022-04-19T17:59:16","guid":{"rendered":"http:\/\/propertyjournal.com.mx\/?p=1636"},"modified":"2022-04-19T12:59:16","modified_gmt":"2022-04-19T17:59:16","slug":"la-fiesta-del-arte","status":"publish","type":"post","link":"https:\/\/propertyjournal.com.mx\/en\/la-fiesta-del-arte\/","title":{"rendered":"La fiesta del arte"},"content":{"rendered":"<p>Con motivo de la celebraci\u00f3n del d\u00eda del arte, el mi\u00e9rcoles 13 de abril se llev\u00f3 a cabo una exposici\u00f3n comprendida por varios artistas muy talentosos en la Galer\u00eda Uno y P\u00e1jaro Rojo.<\/p>\n<p>En la exposici\u00f3n hubo pinturas, esculturas, fotograf\u00edas, grabado, m\u00fasica, un poeta y se cont\u00f3 con la presencia de la compa\u00f1\u00eda Arlequ\u00edn que hizo una lectura dramatizada. Asimismo, estuvo presente Larissa Katz, artista y dise\u00f1adora de modas rusa, que nos present\u00f3 parte de su colecci\u00f3n de innovadores y coloridos vestidos hechos de materiales reciclados.<\/p>\n<p>El evento fue organizado por Francisco San Miguel, reconocido artista y muy involucrado en la comunidad de Puerto Vallarta, quien hizo un excelente trabajo para la gesti\u00f3n del evento.<\/p>\n<p><img fetchpriority=\"high\" decoding=\"async\" class=\"alignnone  wp-image-1639\" src=\"http:\/\/propertyjournal.com.mx\/wp-content\/uploads\/2022\/04\/3ff17885-dda4-4510-83c1-9213f542aaf6-300x159.jpg\" alt=\"\" width=\"309\" height=\"164\" data-wp-pid=\"1639\" srcset=\"https:\/\/propertyjournal.com.mx\/wp-content\/uploads\/2022\/04\/3ff17885-dda4-4510-83c1-9213f542aaf6-300x159.jpg 300w, https:\/\/propertyjournal.com.mx\/wp-content\/uploads\/2022\/04\/3ff17885-dda4-4510-83c1-9213f542aaf6-1024x543.jpg 1024w, https:\/\/propertyjournal.com.mx\/wp-content\/uploads\/2022\/04\/3ff17885-dda4-4510-83c1-9213f542aaf6-768x407.jpg 768w, https:\/\/propertyjournal.com.mx\/wp-content\/uploads\/2022\/04\/3ff17885-dda4-4510-83c1-9213f542aaf6-1536x814.jpg 1536w, https:\/\/propertyjournal.com.mx\/wp-content\/uploads\/2022\/04\/3ff17885-dda4-4510-83c1-9213f542aaf6.jpg 1600w\" sizes=\"(max-width: 309px) 100vw, 309px\" \/><\/p>\n<p><img decoding=\"async\" class=\"alignnone size-medium wp-image-1640\" src=\"http:\/\/propertyjournal.com.mx\/wp-content\/uploads\/2022\/04\/8ec0175c-0a7f-431c-a8ce-58460dcfad50-300x225.jpg\" alt=\"\" width=\"300\" height=\"225\" data-wp-pid=\"1640\" srcset=\"https:\/\/propertyjournal.com.mx\/wp-content\/uploads\/2022\/04\/8ec0175c-0a7f-431c-a8ce-58460dcfad50-300x225.jpg 300w, https:\/\/propertyjournal.com.mx\/wp-content\/uploads\/2022\/04\/8ec0175c-0a7f-431c-a8ce-58460dcfad50-1024x768.jpg 1024w, https:\/\/propertyjournal.com.mx\/wp-content\/uploads\/2022\/04\/8ec0175c-0a7f-431c-a8ce-58460dcfad50-768x576.jpg 768w, https:\/\/propertyjournal.com.mx\/wp-content\/uploads\/2022\/04\/8ec0175c-0a7f-431c-a8ce-58460dcfad50-1536x1152.jpg 1536w, https:\/\/propertyjournal.com.mx\/wp-content\/uploads\/2022\/04\/8ec0175c-0a7f-431c-a8ce-58460dcfad50.jpg 1600w\" sizes=\"(max-width: 300px) 100vw, 300px\" \/><\/p>\n<p><img decoding=\"async\" class=\"alignnone size-medium wp-image-1641\" src=\"http:\/\/propertyjournal.com.mx\/wp-content\/uploads\/2022\/04\/0fd11f86-7855-44a5-a0f9-69ac5bcc11fa-192x300.jpg\" alt=\"\" width=\"192\" height=\"300\" data-wp-pid=\"1641\" \/><\/p>\n<p>&nbsp;<\/p>","protected":false},"excerpt":{"rendered":"<p>Con motivo de la celebraci\u00f3n del d\u00eda del arte, el mi\u00e9rcoles 13 de abril se llev\u00f3 a cabo una exposici\u00f3n comprendida por varios artistas muy talentosos en la Galer\u00eda Uno y P\u00e1jaro Rojo. En la exposici\u00f3n hubo pinturas, esculturas, fotograf\u00edas, grabado, m\u00fasica, un poeta y se cont\u00f3 con la presencia de la compa\u00f1\u00eda Arlequ\u00edn que [&hellip;]<\/p>\n","protected":false},"author":3,"featured_media":4669,"comment_status":"open","ping_status":"open","sticky":false,"template":"","format":"standard","meta":{"_joinchat":[],"footnotes":""},"categories":[320],"tags":[307,308,427,428,339,429,303],"class_list":["post-1636","post","type-post","status-publish","format-standard","has-post-thumbnail","hentry","category-eventos","tag-art","tag-arte","tag-day-of-art","tag-dia-del-arte","tag-eventos","tag-events","tag-puerto-vallarta"],"yoast_head":"<!-- This site is optimized with the Yoast SEO Premium plugin v20.8 (Yoast SEO v27.2) - https:\/\/yoast.com\/product\/yoast-seo-premium-wordpress\/ -->\n<title>La fiesta del arte - Property Journal<\/title>\n<meta name=\"robots\" content=\"index, follow, max-snippet:-1, max-image-preview:large, max-video-preview:-1\" \/>\n<link rel=\"canonical\" href=\"https:\/\/propertyjournal.com.mx\/en\/la-fiesta-del-arte\/\" \/>\n<meta property=\"og:locale\" content=\"en_US\" \/>\n<meta property=\"og:type\" content=\"article\" \/>\n<meta property=\"og:title\" content=\"La fiesta del arte\" \/>\n<meta property=\"og:description\" content=\"Con motivo de la celebraci\u00f3n del d\u00eda del arte, el mi\u00e9rcoles 13 de abril se llev\u00f3 a cabo una exposici\u00f3n comprendida por varios artistas muy talentosos en la Galer\u00eda Uno y P\u00e1jaro Rojo. En la exposici\u00f3n hubo pinturas, esculturas, fotograf\u00edas, grabado, m\u00fasica, un poeta y se cont\u00f3 con la presencia de la compa\u00f1\u00eda Arlequ\u00edn que [&hellip;]\" \/>\n<meta property=\"og:url\" content=\"https:\/\/propertyjournal.com.mx\/en\/la-fiesta-del-arte\/\" \/>\n<meta property=\"og:site_name\" content=\"Property Journal\" \/>\n<meta property=\"article:publisher\" content=\"https:\/\/www.facebook.com\/propertyjournalmx\" \/>\n<meta property=\"article:published_time\" content=\"2022-04-19T17:59:16+00:00\" \/>\n<meta property=\"og:image\" content=\"https:\/\/propertyjournal.com.mx\/wp-content\/uploads\/2022\/04\/gal1.jpg\" \/>\n\t<meta property=\"og:image:width\" content=\"1080\" \/>\n\t<meta property=\"og:image:height\" content=\"1440\" \/>\n\t<meta property=\"og:image:type\" content=\"image\/jpeg\" \/>\n<meta name=\"author\" content=\"Property Journal\" \/>\n<meta name=\"twitter:card\" content=\"summary_large_image\" \/>\n<meta name=\"twitter:label1\" content=\"Written by\" \/>\n\t<meta name=\"twitter:data1\" content=\"Property Journal\" \/>\n\t<meta name=\"twitter:label2\" content=\"Est. reading time\" \/>\n\t<meta name=\"twitter:data2\" content=\"1 minute\" \/>\n<script type=\"application\/ld+json\" class=\"yoast-schema-graph\">{\"@context\":\"https:\/\/schema.org\",\"@graph\":[{\"@type\":\"Article\",\"@id\":\"https:\/\/propertyjournal.com.mx\/en\/la-fiesta-del-arte\/#article\",\"isPartOf\":{\"@id\":\"https:\/\/propertyjournal.com.mx\/en\/la-fiesta-del-arte\/\"},\"author\":{\"name\":\"Property Journal\",\"@id\":\"https:\/\/propertyjournal.com.mx\/en\/#\/schema\/person\/ca6923a448dc0724eb4c1ccd2e9e8201\"},\"headline\":\"La fiesta del arte\",\"datePublished\":\"2022-04-19T17:59:16+00:00\",\"mainEntityOfPage\":{\"@id\":\"https:\/\/propertyjournal.com.mx\/en\/la-fiesta-del-arte\/\"},\"wordCount\":133,\"commentCount\":0,\"publisher\":{\"@id\":\"https:\/\/propertyjournal.com.mx\/en\/#organization\"},\"image\":{\"@id\":\"https:\/\/propertyjournal.com.mx\/en\/la-fiesta-del-arte\/#primaryimage\"},\"thumbnailUrl\":\"https:\/\/propertyjournal.com.mx\/wp-content\/uploads\/2022\/04\/gal1.jpg\",\"keywords\":[\"art\",\"arte\",\"day of art\",\"d\u00eda del arte\",\"Eventos\",\"events\",\"Puerto Vallarta\"],\"articleSection\":[\"Eventos\"],\"inLanguage\":\"en-US\",\"potentialAction\":[{\"@type\":\"CommentAction\",\"name\":\"Comment\",\"target\":[\"https:\/\/propertyjournal.com.mx\/en\/la-fiesta-del-arte\/#respond\"]}]},{\"@type\":\"WebPage\",\"@id\":\"https:\/\/propertyjournal.com.mx\/en\/la-fiesta-del-arte\/\",\"url\":\"https:\/\/propertyjournal.com.mx\/en\/la-fiesta-del-arte\/\",\"name\":\"La fiesta del arte - Property Journal\",\"isPartOf\":{\"@id\":\"https:\/\/propertyjournal.com.mx\/en\/#website\"},\"primaryImageOfPage\":{\"@id\":\"https:\/\/propertyjournal.com.mx\/en\/la-fiesta-del-arte\/#primaryimage\"},\"image\":{\"@id\":\"https:\/\/propertyjournal.com.mx\/en\/la-fiesta-del-arte\/#primaryimage\"},\"thumbnailUrl\":\"https:\/\/propertyjournal.com.mx\/wp-content\/uploads\/2022\/04\/gal1.jpg\",\"datePublished\":\"2022-04-19T17:59:16+00:00\",\"breadcrumb\":{\"@id\":\"https:\/\/propertyjournal.com.mx\/en\/la-fiesta-del-arte\/#breadcrumb\"},\"inLanguage\":\"en-US\",\"potentialAction\":[{\"@type\":\"ReadAction\",\"target\":[\"https:\/\/propertyjournal.com.mx\/en\/la-fiesta-del-arte\/\"]}]},{\"@type\":\"ImageObject\",\"inLanguage\":\"en-US\",\"@id\":\"https:\/\/propertyjournal.com.mx\/en\/la-fiesta-del-arte\/#primaryimage\",\"url\":\"https:\/\/propertyjournal.com.mx\/wp-content\/uploads\/2022\/04\/gal1.jpg\",\"contentUrl\":\"https:\/\/propertyjournal.com.mx\/wp-content\/uploads\/2022\/04\/gal1.jpg\",\"width\":1080,\"height\":1440},{\"@type\":\"BreadcrumbList\",\"@id\":\"https:\/\/propertyjournal.com.mx\/en\/la-fiesta-del-arte\/#breadcrumb\",\"itemListElement\":[{\"@type\":\"ListItem\",\"position\":1,\"name\":\"Home\",\"item\":\"https:\/\/propertyjournal.com.mx\/\"},{\"@type\":\"ListItem\",\"position\":2,\"name\":\"La fiesta del arte\"}]},{\"@type\":\"WebSite\",\"@id\":\"https:\/\/propertyjournal.com.mx\/en\/#website\",\"url\":\"https:\/\/propertyjournal.com.mx\/en\/\",\"name\":\"Property Journal\",\"description\":\"News Real Estate\",\"publisher\":{\"@id\":\"https:\/\/propertyjournal.com.mx\/en\/#organization\"},\"potentialAction\":[{\"@type\":\"SearchAction\",\"target\":{\"@type\":\"EntryPoint\",\"urlTemplate\":\"https:\/\/propertyjournal.com.mx\/en\/?s={search_term_string}\"},\"query-input\":{\"@type\":\"PropertyValueSpecification\",\"valueRequired\":true,\"valueName\":\"search_term_string\"}}],\"inLanguage\":\"en-US\"},{\"@type\":\"Organization\",\"@id\":\"https:\/\/propertyjournal.com.mx\/en\/#organization\",\"name\":\"Property Journal\",\"url\":\"https:\/\/propertyjournal.com.mx\/en\/\",\"logo\":{\"@type\":\"ImageObject\",\"inLanguage\":\"en-US\",\"@id\":\"https:\/\/propertyjournal.com.mx\/en\/#\/schema\/logo\/image\/\",\"url\":\"https:\/\/propertyjournal.com.mx\/wp-content\/uploads\/2023\/04\/logo2-property-journal.png\",\"contentUrl\":\"https:\/\/propertyjournal.com.mx\/wp-content\/uploads\/2023\/04\/logo2-property-journal.png\",\"width\":380,\"height\":180,\"caption\":\"Property Journal\"},\"image\":{\"@id\":\"https:\/\/propertyjournal.com.mx\/en\/#\/schema\/logo\/image\/\"},\"sameAs\":[\"https:\/\/www.facebook.com\/propertyjournalmx\",\"https:\/\/www.instagram.com\/propertyjournalmx\/\"]},{\"@type\":\"Person\",\"@id\":\"https:\/\/propertyjournal.com.mx\/en\/#\/schema\/person\/ca6923a448dc0724eb4c1ccd2e9e8201\",\"name\":\"Property Journal\",\"image\":{\"@type\":\"ImageObject\",\"inLanguage\":\"en-US\",\"@id\":\"https:\/\/propertyjournal.com.mx\/wp-content\/litespeed\/avatar\/92a947da4e17221d7d35fe8c0373b90d.jpg?ver=1776936953\",\"url\":\"https:\/\/propertyjournal.com.mx\/wp-content\/litespeed\/avatar\/92a947da4e17221d7d35fe8c0373b90d.jpg?ver=1776936953\",\"contentUrl\":\"https:\/\/propertyjournal.com.mx\/wp-content\/litespeed\/avatar\/92a947da4e17221d7d35fe8c0373b90d.jpg?ver=1776936953\",\"caption\":\"Property Journal\"},\"url\":\"https:\/\/propertyjournal.com.mx\/en\/author\/camila\/\"}]}<\/script>\n<!-- \/ Yoast SEO Premium plugin. -->","yoast_head_json":{"title":"La fiesta del arte - Property Journal","robots":{"index":"index","follow":"follow","max-snippet":"max-snippet:-1","max-image-preview":"max-image-preview:large","max-video-preview":"max-video-preview:-1"},"canonical":"https:\/\/propertyjournal.com.mx\/en\/la-fiesta-del-arte\/","og_locale":"en_US","og_type":"article","og_title":"La fiesta del arte","og_description":"Con motivo de la celebraci\u00f3n del d\u00eda del arte, el mi\u00e9rcoles 13 de abril se llev\u00f3 a cabo una exposici\u00f3n comprendida por varios artistas muy talentosos en la Galer\u00eda Uno y P\u00e1jaro Rojo. En la exposici\u00f3n hubo pinturas, esculturas, fotograf\u00edas, grabado, m\u00fasica, un poeta y se cont\u00f3 con la presencia de la compa\u00f1\u00eda Arlequ\u00edn que [&hellip;]","og_url":"https:\/\/propertyjournal.com.mx\/en\/la-fiesta-del-arte\/","og_site_name":"Property Journal","article_publisher":"https:\/\/www.facebook.com\/propertyjournalmx","article_published_time":"2022-04-19T17:59:16+00:00","og_image":[{"width":1080,"height":1440,"url":"https:\/\/propertyjournal.com.mx\/wp-content\/uploads\/2022\/04\/gal1.jpg","type":"image\/jpeg"}],"author":"Property Journal","twitter_card":"summary_large_image","twitter_misc":{"Written by":"Property Journal","Est. reading time":"1 minute"},"schema":{"@context":"https:\/\/schema.org","@graph":[{"@type":"Article","@id":"https:\/\/propertyjournal.com.mx\/en\/la-fiesta-del-arte\/#article","isPartOf":{"@id":"https:\/\/propertyjournal.com.mx\/en\/la-fiesta-del-arte\/"},"author":{"name":"Property Journal","@id":"https:\/\/propertyjournal.com.mx\/en\/#\/schema\/person\/ca6923a448dc0724eb4c1ccd2e9e8201"},"headline":"La fiesta del arte","datePublished":"2022-04-19T17:59:16+00:00","mainEntityOfPage":{"@id":"https:\/\/propertyjournal.com.mx\/en\/la-fiesta-del-arte\/"},"wordCount":133,"commentCount":0,"publisher":{"@id":"https:\/\/propertyjournal.com.mx\/en\/#organization"},"image":{"@id":"https:\/\/propertyjournal.com.mx\/en\/la-fiesta-del-arte\/#primaryimage"},"thumbnailUrl":"https:\/\/propertyjournal.com.mx\/wp-content\/uploads\/2022\/04\/gal1.jpg","keywords":["art","arte","day of art","d\u00eda del arte","Eventos","events","Puerto Vallarta"],"articleSection":["Eventos"],"inLanguage":"en-US","potentialAction":[{"@type":"CommentAction","name":"Comment","target":["https:\/\/propertyjournal.com.mx\/en\/la-fiesta-del-arte\/#respond"]}]},{"@type":"WebPage","@id":"https:\/\/propertyjournal.com.mx\/en\/la-fiesta-del-arte\/","url":"https:\/\/propertyjournal.com.mx\/en\/la-fiesta-del-arte\/","name":"La fiesta del arte - Property Journal","isPartOf":{"@id":"https:\/\/propertyjournal.com.mx\/en\/#website"},"primaryImageOfPage":{"@id":"https:\/\/propertyjournal.com.mx\/en\/la-fiesta-del-arte\/#primaryimage"},"image":{"@id":"https:\/\/propertyjournal.com.mx\/en\/la-fiesta-del-arte\/#primaryimage"},"thumbnailUrl":"https:\/\/propertyjournal.com.mx\/wp-content\/uploads\/2022\/04\/gal1.jpg","datePublished":"2022-04-19T17:59:16+00:00","breadcrumb":{"@id":"https:\/\/propertyjournal.com.mx\/en\/la-fiesta-del-arte\/#breadcrumb"},"inLanguage":"en-US","potentialAction":[{"@type":"ReadAction","target":["https:\/\/propertyjournal.com.mx\/en\/la-fiesta-del-arte\/"]}]},{"@type":"ImageObject","inLanguage":"en-US","@id":"https:\/\/propertyjournal.com.mx\/en\/la-fiesta-del-arte\/#primaryimage","url":"https:\/\/propertyjournal.com.mx\/wp-content\/uploads\/2022\/04\/gal1.jpg","contentUrl":"https:\/\/propertyjournal.com.mx\/wp-content\/uploads\/2022\/04\/gal1.jpg","width":1080,"height":1440},{"@type":"BreadcrumbList","@id":"https:\/\/propertyjournal.com.mx\/en\/la-fiesta-del-arte\/#breadcrumb","itemListElement":[{"@type":"ListItem","position":1,"name":"Home","item":"https:\/\/propertyjournal.com.mx\/"},{"@type":"ListItem","position":2,"name":"La fiesta del arte"}]},{"@type":"WebSite","@id":"https:\/\/propertyjournal.com.mx\/en\/#website","url":"https:\/\/propertyjournal.com.mx\/en\/","name":"Property Journal","description":"News Real Estate","publisher":{"@id":"https:\/\/propertyjournal.com.mx\/en\/#organization"},"potentialAction":[{"@type":"SearchAction","target":{"@type":"EntryPoint","urlTemplate":"https:\/\/propertyjournal.com.mx\/en\/?s={search_term_string}"},"query-input":{"@type":"PropertyValueSpecification","valueRequired":true,"valueName":"search_term_string"}}],"inLanguage":"en-US"},{"@type":"Organization","@id":"https:\/\/propertyjournal.com.mx\/en\/#organization","name":"Property Journal","url":"https:\/\/propertyjournal.com.mx\/en\/","logo":{"@type":"ImageObject","inLanguage":"en-US","@id":"https:\/\/propertyjournal.com.mx\/en\/#\/schema\/logo\/image\/","url":"https:\/\/propertyjournal.com.mx\/wp-content\/uploads\/2023\/04\/logo2-property-journal.png","contentUrl":"https:\/\/propertyjournal.com.mx\/wp-content\/uploads\/2023\/04\/logo2-property-journal.png","width":380,"height":180,"caption":"Property Journal"},"image":{"@id":"https:\/\/propertyjournal.com.mx\/en\/#\/schema\/logo\/image\/"},"sameAs":["https:\/\/www.facebook.com\/propertyjournalmx","https:\/\/www.instagram.com\/propertyjournalmx\/"]},{"@type":"Person","@id":"https:\/\/propertyjournal.com.mx\/en\/#\/schema\/person\/ca6923a448dc0724eb4c1ccd2e9e8201","name":"Property Journal","image":{"@type":"ImageObject","inLanguage":"en-US","@id":"https:\/\/propertyjournal.com.mx\/wp-content\/litespeed\/avatar\/92a947da4e17221d7d35fe8c0373b90d.jpg?ver=1776936953","url":"https:\/\/propertyjournal.com.mx\/wp-content\/litespeed\/avatar\/92a947da4e17221d7d35fe8c0373b90d.jpg?ver=1776936953","contentUrl":"https:\/\/propertyjournal.com.mx\/wp-content\/litespeed\/avatar\/92a947da4e17221d7d35fe8c0373b90d.jpg?ver=1776936953","caption":"Property Journal"},"url":"https:\/\/propertyjournal.com.mx\/en\/author\/camila\/"}]}},"_links":{"self":[{"href":"https:\/\/propertyjournal.com.mx\/en\/wp-json\/wp\/v2\/posts\/1636","targetHints":{"allow":["GET"]}}],"collection":[{"href":"https:\/\/propertyjournal.com.mx\/en\/wp-json\/wp\/v2\/posts"}],"about":[{"href":"https:\/\/propertyjournal.com.mx\/en\/wp-json\/wp\/v2\/types\/post"}],"author":[{"embeddable":true,"href":"https:\/\/propertyjournal.com.mx\/en\/wp-json\/wp\/v2\/users\/3"}],"replies":[{"embeddable":true,"href":"https:\/\/propertyjournal.com.mx\/en\/wp-json\/wp\/v2\/comments?post=1636"}],"version-history":[{"count":0,"href":"https:\/\/propertyjournal.com.mx\/en\/wp-json\/wp\/v2\/posts\/1636\/revisions"}],"wp:featuredmedia":[{"embeddable":true,"href":"https:\/\/propertyjournal.com.mx\/en\/wp-json\/wp\/v2\/media\/4669"}],"wp:attachment":[{"href":"https:\/\/propertyjournal.com.mx\/en\/wp-json\/wp\/v2\/media?parent=1636"}],"wp:term":[{"taxonomy":"category","embeddable":true,"href":"https:\/\/propertyjournal.com.mx\/en\/wp-json\/wp\/v2\/categories?post=1636"},{"taxonomy":"post_tag","embeddable":true,"href":"https:\/\/propertyjournal.com.mx\/en\/wp-json\/wp\/v2\/tags?post=1636"}],"curies":[{"name":"wp","href":"https:\/\/api.w.org\/{rel}","templated":true}]}}