{"id":3596,"date":"2023-04-04T20:19:31","date_gmt":"2023-04-05T01:19:31","guid":{"rendered":"https:\/\/propertyjournal.com.mx\/?p=3596"},"modified":"2023-05-25T17:36:38","modified_gmt":"2023-05-25T17:36:38","slug":"exposicion-de-cartier-en-el-museo-jumex","status":"publish","type":"post","link":"https:\/\/propertyjournal.com.mx\/en\/exposicion-de-cartier-en-el-museo-jumex\/","title":{"rendered":"The incredible Cartier exhibition at the Jumex Museum 2023"},"content":{"rendered":"<p class=\"has-text-align-left\">La firma de joyer\u00eda y relojer\u00eda Cartier fue fundada en 1847 por Louis-Fran\u00e7ois Cartier en Par\u00eds, Francia. Fue un relojero innovador y pronto su negocio comenz\u00f3 a atraer a la aristocracia y a los miembros de la realeza, incluyendo a la familia imperial rusa, quienes le encargaron numerosas piezas a lo largo de los a\u00f1os. <\/p>\n\n\n\n<p class=\"has-text-align-left\">En 1899, el hijo de Cartier, Louis, transform\u00f3 el negocio familiar en una sociedad an\u00f3nima bajo el nombre de &#8220;Firma Cartier&#8221;. La firma comenz\u00f3 a exportar sus productos a todo el mundo en 1904 tras la apertura de una sucursal en Londres. En los a\u00f1os siguientes se expandi\u00f3 a Nueva York y abri\u00f3 sus primeras boutiques en San Petersburgo y Tokio.<br><\/p>\n\n\n\n<p class=\"has-text-align-left\">Desde la d\u00e9cada de 1920, Cartier se convirti\u00f3 en el proveedor de joyas preferido por los ricos y famosos. Celebrities como la duquesa de Windsor, la reina Isabel o Elizabeth Taylor, adornaron sus cuellos con collares Cartier. Esta \u00e9poca tambi\u00e9n vio la introducci\u00f3n de las famosas l\u00edneas de joyas de Cartier como &#8220;Cravache&#8221;, &#8220;Torsade de Cartier&#8221; y &#8221; Trinity de Cartier&#8221;.<br><\/p>\n\n\n\n<p class=\"has-text-align-left\">Durante el resto del siglo XX, la Maison ampli\u00f3 su l\u00ednea de productos y abri\u00f3 boutiques en todo el mundo. Hoy d\u00eda, Cartier sigue siendo uno de los nombres m\u00e1s prestigiosos en joyer\u00eda y relojer\u00eda, con clientes en todo el mundo que disfrutan de sus exquisitas creaciones.<\/p>\n\n\n\n<p class=\"has-text-align-left\"><\/p>\n\n\n\n<h2 class=\"wp-block-heading\">El Dise\u00f1o de Cartier, un legado vivo<\/h2>\n\n\n\n<p class=\"has-text-align-left\">A partir del 15 de marzo y hasta el 14 de mayo tenemos en M\u00e9xico la oportunidad de admirar la exposici\u00f3n <a href=\"https:\/\/www.fundacionjumex.org\/es\/exposiciones\/283-el-diseno-de-cartier-un-legado-vivo\" target=\"_blank\" rel=\"noreferrer noopener\">\u201cEl dise\u00f1o de Cartier: Un legado vivo\u201d<\/a> presentada en el Museo Jumex y que nos lleva a un recorrido por la historia de una de las m\u00e1s prestigiosas casas de joyer\u00eda en el mundo. El recorrido por la exposici\u00f3n permite descubrir los diferentes estilos y tendencias de la casa, desde el Art D\u00e9co, hasta el estilo contempor\u00e1neo, pasando por el estilo cl\u00e1sico y el estilo vintage. <\/p>\n\n\n\n<p class=\"has-text-align-left\">En esta exposici\u00f3n, los visitantes pueden descubrir y admirar joyas y relojes \u00fanicos. El dise\u00f1o de Cartier: Un legado vivo, sin lugar a dudas, es una ocasi\u00f3n ideal para los amantes del lujo para descubrir los secretos de la marca francesa. La exposici\u00f3n, que re\u00fane m\u00e1s de 160 piezas m\u00edticas de la Colecci\u00f3n Cartier, as\u00ed como de colecciones privadas y documentos de archivo, invita al p\u00fablico a adentrarse en la evoluci\u00f3n del estilo Cartier, el lenguaje distintivo de la Maison, su dise\u00f1o y su savoir-faire.<br><\/p>\n\n\n\n<p>La historia de la Colecci\u00f3n Cartier comenz\u00f3 hace casi 50 a\u00f1os, cuando la Maison se embarc\u00f3 en la misi\u00f3n de recuperar piezas ic\u00f3nicas firmadas por Cartier. En 1983, naci\u00f3 la Colecci\u00f3n Cartier, reflejo de su legado cultural y de su rica historia. Con una selecci\u00f3n que se remonta a la d\u00e9cada de 1850 y se adentra en el siglo XXI, esta colecci\u00f3n ha sido testigo y part\u00edcipe de la historia, con piezas realizadas exclusivamente para la realeza, la alta sociedad y celebridades como Mar\u00eda F\u00e9lix y Barbara Hutton. Hoy, la Colecci\u00f3n Cartier contin\u00faa creciendo y cuenta con m\u00e1s de 3,000 piezas.<br><\/p>\n\n\n\n<figure class=\"wp-block-gallery has-nested-images columns-default is-cropped wp-block-gallery-1 is-layout-flex wp-block-gallery-is-layout-flex\" style=\"max-width:466px;margin-bottom:-28px\">\n<figure class=\"wp-block-image size-medium is-style-default td-caption-align-right\" style=\"max-width:1093px;margin-top:14px;margin-bottom:71px\"><img decoding=\"async\" data-id=\"3603\" src=\"https:\/\/propertyjournal.com.mx\/wp-content\/uploads\/2023\/04\/maria-felix-cartier-property-journal-449x600.jpg\" alt=\"La-incre\u00edble-exposici\u00f3n-de-Cartier-en-el-Museo-Jumex-2023\" class=\"wp-image-3603\"\/><figcaption class=\"wp-element-caption\">Mar\u00eda F\u00e9lix<\/figcaption><\/figure>\n<\/figure>\n\n\n\n<p><\/p>\n\n\n\n<p>Esta exposici\u00f3n marca el regreso de la Colecci\u00f3n Cartier a M\u00e9xico, 24 a\u00f1os despu\u00e9s de su primera presentaci\u00f3n en el Museo del Palacio de Bellas Artes. En los \u00faltimos a\u00f1os, la colecci\u00f3n ha visitado museos como el Centro Nacional de Arte de Tokio, el Grand Palais de Par\u00eds, el Design Museum de Londres, y el Dallas Museum of Art.<\/p>\n\n\n\n<p><\/p>\n\n\n<div class=\"wp-block-image\">\n<figure class=\"aligncenter size-large\"><img decoding=\"async\" src=\"https:\/\/propertyjournal.com.mx\/wp-content\/uploads\/2023\/04\/cartier-un-legado-vivo-property-journal2-673x1080.jpg\" alt=\"La-incre\u00edble-exposici\u00f3n-de-Cartier-en-el-Museo-Jumex\" class=\"wp-image-3607\"\/><\/figure><\/div>\n\n\n<figure class=\"wp-block-gallery has-nested-images columns-default is-cropped wp-block-gallery-2 is-layout-flex wp-block-gallery-is-layout-flex\">\n<figure class=\"wp-block-image size-large\"><img decoding=\"async\" data-id=\"3614\" src=\"https:\/\/propertyjournal.com.mx\/wp-content\/uploads\/2023\/04\/cartier-un-legado-vivo-property-journal-1-810x1080.jpg\" alt=\"el-dise\u00f1o-de-cartier-un-legado-vivo\" class=\"wp-image-3614\"\/><\/figure>\n<\/figure>\n\n\n\n<figure class=\"wp-block-image size-large\"><img decoding=\"async\" src=\"http:\/\/propertyjournal.com.mx\/wp-content\/uploads\/2023\/04\/cartier-un-legado-vivo1-property-journal-761x1080.jpg\" alt=\"el-dise\u00f1o-de-cartier-un-legado-vivo\" class=\"wp-image-3616\"\/><\/figure>\n\n\n\n<p>Si quieres leer m\u00e1s noticias ed Lifestyle da click <a href=\"https:\/\/propertyjournal.com.mx\/en\/lifestyle-esp\/?swcfpc=1\" target=\"_blank\" rel=\"noreferrer noopener\">here.<\/a><\/p>","protected":false},"excerpt":{"rendered":"<p>La firma de joyer\u00eda y relojer\u00eda Cartier fue fundada en 1847 por Louis-Fran\u00e7ois Cartier en Par\u00eds, Francia. Fue un relojero innovador y pronto su negocio comenz\u00f3 a atraer a la aristocracia y a los miembros de la realeza, incluyendo a la familia imperial rusa, quienes le encargaron numerosas piezas a lo largo de los a\u00f1os. [&hellip;]<\/p>\n","protected":false},"author":3,"featured_media":5291,"comment_status":"open","ping_status":"open","sticky":false,"template":"","format":"standard","meta":{"_joinchat":[],"footnotes":""},"categories":[199],"tags":[308,909,740,910,310],"class_list":["post-3596","post","type-post","status-publish","format-standard","has-post-thumbnail","hentry","category-life-style","tag-arte","tag-cartier","tag-ciudad-de-mexico","tag-el-diseno-de-cartier","tag-lifestyle"],"yoast_head":"<!-- This site is optimized with the Yoast SEO Premium plugin v20.8 (Yoast SEO v27.2) - https:\/\/yoast.com\/product\/yoast-seo-premium-wordpress\/ -->\n<title>La incre\u00edble exposici\u00f3n de Cartier en el Museo Jumex 2023 - Property Journal<\/title>\n<meta name=\"robots\" content=\"index, follow, max-snippet:-1, max-image-preview:large, max-video-preview:-1\" \/>\n<link rel=\"canonical\" href=\"https:\/\/propertyjournal.com.mx\/en\/exposicion-de-cartier-en-el-museo-jumex\/\" \/>\n<meta property=\"og:locale\" content=\"en_US\" \/>\n<meta property=\"og:type\" content=\"article\" \/>\n<meta property=\"og:title\" content=\"La incre\u00edble exposici\u00f3n de Cartier en el Museo Jumex 2023\" \/>\n<meta property=\"og:description\" content=\"La firma de joyer\u00eda y relojer\u00eda Cartier fue fundada en 1847 por Louis-Fran\u00e7ois Cartier en Par\u00eds, Francia. Fue un relojero innovador y pronto su negocio comenz\u00f3 a atraer a la aristocracia y a los miembros de la realeza, incluyendo a la familia imperial rusa, quienes le encargaron numerosas piezas a lo largo de los a\u00f1os. [&hellip;]\" \/>\n<meta property=\"og:url\" content=\"https:\/\/propertyjournal.com.mx\/en\/exposicion-de-cartier-en-el-museo-jumex\/\" \/>\n<meta property=\"og:site_name\" content=\"Property Journal\" \/>\n<meta property=\"article:publisher\" content=\"https:\/\/www.facebook.com\/propertyjournalmx\" \/>\n<meta property=\"article:published_time\" content=\"2023-04-05T01:19:31+00:00\" \/>\n<meta property=\"article:modified_time\" content=\"2023-05-25T17:36:38+00:00\" \/>\n<meta property=\"og:image\" content=\"https:\/\/propertyjournal.com.mx\/wp-content\/uploads\/2023\/04\/cartier-un-legado-vivo-property-journal.jpg\" \/>\n\t<meta property=\"og:image:width\" content=\"985\" \/>\n\t<meta property=\"og:image:height\" content=\"553\" \/>\n\t<meta property=\"og:image:type\" content=\"image\/jpeg\" \/>\n<meta name=\"author\" content=\"Property Journal\" \/>\n<meta name=\"twitter:card\" content=\"summary_large_image\" \/>\n<meta name=\"twitter:label1\" content=\"Written by\" \/>\n\t<meta name=\"twitter:data1\" content=\"Property Journal\" \/>\n\t<meta name=\"twitter:label2\" content=\"Est. reading time\" \/>\n\t<meta name=\"twitter:data2\" content=\"3 minutes\" \/>\n<script type=\"application\/ld+json\" class=\"yoast-schema-graph\">{\"@context\":\"https:\/\/schema.org\",\"@graph\":[{\"@type\":\"Article\",\"@id\":\"https:\/\/propertyjournal.com.mx\/exposicion-de-cartier-en-el-museo-jumex\/#article\",\"isPartOf\":{\"@id\":\"https:\/\/propertyjournal.com.mx\/exposicion-de-cartier-en-el-museo-jumex\/\"},\"author\":{\"name\":\"Property Journal\",\"@id\":\"https:\/\/propertyjournal.com.mx\/en\/#\/schema\/person\/ca6923a448dc0724eb4c1ccd2e9e8201\"},\"headline\":\"La incre\u00edble exposici\u00f3n de Cartier en el Museo Jumex 2023\",\"datePublished\":\"2023-04-05T01:19:31+00:00\",\"dateModified\":\"2023-05-25T17:36:38+00:00\",\"mainEntityOfPage\":{\"@id\":\"https:\/\/propertyjournal.com.mx\/exposicion-de-cartier-en-el-museo-jumex\/\"},\"wordCount\":636,\"commentCount\":0,\"publisher\":{\"@id\":\"https:\/\/propertyjournal.com.mx\/en\/#organization\"},\"image\":{\"@id\":\"https:\/\/propertyjournal.com.mx\/exposicion-de-cartier-en-el-museo-jumex\/#primaryimage\"},\"thumbnailUrl\":\"https:\/\/propertyjournal.com.mx\/wp-content\/uploads\/2023\/04\/cartier-un-legado-vivo-property-journal.jpg\",\"keywords\":[\"arte\",\"cartier\",\"Ciudad de M\u00e9xico\",\"el dise\u00f1o de cartier\",\"lifestyle\"],\"articleSection\":[\"Lifestyle\"],\"inLanguage\":\"en-US\",\"potentialAction\":[{\"@type\":\"CommentAction\",\"name\":\"Comment\",\"target\":[\"https:\/\/propertyjournal.com.mx\/exposicion-de-cartier-en-el-museo-jumex\/#respond\"]}]},{\"@type\":\"WebPage\",\"@id\":\"https:\/\/propertyjournal.com.mx\/exposicion-de-cartier-en-el-museo-jumex\/\",\"url\":\"https:\/\/propertyjournal.com.mx\/exposicion-de-cartier-en-el-museo-jumex\/\",\"name\":\"La incre\u00edble exposici\u00f3n de Cartier en el Museo Jumex 2023 - Property Journal\",\"isPartOf\":{\"@id\":\"https:\/\/propertyjournal.com.mx\/en\/#website\"},\"primaryImageOfPage\":{\"@id\":\"https:\/\/propertyjournal.com.mx\/exposicion-de-cartier-en-el-museo-jumex\/#primaryimage\"},\"image\":{\"@id\":\"https:\/\/propertyjournal.com.mx\/exposicion-de-cartier-en-el-museo-jumex\/#primaryimage\"},\"thumbnailUrl\":\"https:\/\/propertyjournal.com.mx\/wp-content\/uploads\/2023\/04\/cartier-un-legado-vivo-property-journal.jpg\",\"datePublished\":\"2023-04-05T01:19:31+00:00\",\"dateModified\":\"2023-05-25T17:36:38+00:00\",\"breadcrumb\":{\"@id\":\"https:\/\/propertyjournal.com.mx\/exposicion-de-cartier-en-el-museo-jumex\/#breadcrumb\"},\"inLanguage\":\"en-US\",\"potentialAction\":[{\"@type\":\"ReadAction\",\"target\":[\"https:\/\/propertyjournal.com.mx\/exposicion-de-cartier-en-el-museo-jumex\/\"]}]},{\"@type\":\"ImageObject\",\"inLanguage\":\"en-US\",\"@id\":\"https:\/\/propertyjournal.com.mx\/exposicion-de-cartier-en-el-museo-jumex\/#primaryimage\",\"url\":\"https:\/\/propertyjournal.com.mx\/wp-content\/uploads\/2023\/04\/cartier-un-legado-vivo-property-journal.jpg\",\"contentUrl\":\"https:\/\/propertyjournal.com.mx\/wp-content\/uploads\/2023\/04\/cartier-un-legado-vivo-property-journal.jpg\",\"width\":985,\"height\":553},{\"@type\":\"BreadcrumbList\",\"@id\":\"https:\/\/propertyjournal.com.mx\/exposicion-de-cartier-en-el-museo-jumex\/#breadcrumb\",\"itemListElement\":[{\"@type\":\"ListItem\",\"position\":1,\"name\":\"Home\",\"item\":\"https:\/\/propertyjournal.com.mx\/\"},{\"@type\":\"ListItem\",\"position\":2,\"name\":\"La incre\u00edble exposici\u00f3n de Cartier en el Museo Jumex 2023\"}]},{\"@type\":\"WebSite\",\"@id\":\"https:\/\/propertyjournal.com.mx\/en\/#website\",\"url\":\"https:\/\/propertyjournal.com.mx\/en\/\",\"name\":\"Property Journal\",\"description\":\"News Real Estate\",\"publisher\":{\"@id\":\"https:\/\/propertyjournal.com.mx\/en\/#organization\"},\"potentialAction\":[{\"@type\":\"SearchAction\",\"target\":{\"@type\":\"EntryPoint\",\"urlTemplate\":\"https:\/\/propertyjournal.com.mx\/en\/?s={search_term_string}\"},\"query-input\":{\"@type\":\"PropertyValueSpecification\",\"valueRequired\":true,\"valueName\":\"search_term_string\"}}],\"inLanguage\":\"en-US\"},{\"@type\":\"Organization\",\"@id\":\"https:\/\/propertyjournal.com.mx\/en\/#organization\",\"name\":\"Property Journal\",\"url\":\"https:\/\/propertyjournal.com.mx\/en\/\",\"logo\":{\"@type\":\"ImageObject\",\"inLanguage\":\"en-US\",\"@id\":\"https:\/\/propertyjournal.com.mx\/en\/#\/schema\/logo\/image\/\",\"url\":\"https:\/\/propertyjournal.com.mx\/wp-content\/uploads\/2023\/04\/logo2-property-journal.png\",\"contentUrl\":\"https:\/\/propertyjournal.com.mx\/wp-content\/uploads\/2023\/04\/logo2-property-journal.png\",\"width\":380,\"height\":180,\"caption\":\"Property Journal\"},\"image\":{\"@id\":\"https:\/\/propertyjournal.com.mx\/en\/#\/schema\/logo\/image\/\"},\"sameAs\":[\"https:\/\/www.facebook.com\/propertyjournalmx\",\"https:\/\/www.instagram.com\/propertyjournalmx\/\"]},{\"@type\":\"Person\",\"@id\":\"https:\/\/propertyjournal.com.mx\/en\/#\/schema\/person\/ca6923a448dc0724eb4c1ccd2e9e8201\",\"name\":\"Property Journal\",\"image\":{\"@type\":\"ImageObject\",\"inLanguage\":\"en-US\",\"@id\":\"https:\/\/propertyjournal.com.mx\/wp-content\/litespeed\/avatar\/92a947da4e17221d7d35fe8c0373b90d.jpg?ver=1776936953\",\"url\":\"https:\/\/propertyjournal.com.mx\/wp-content\/litespeed\/avatar\/92a947da4e17221d7d35fe8c0373b90d.jpg?ver=1776936953\",\"contentUrl\":\"https:\/\/propertyjournal.com.mx\/wp-content\/litespeed\/avatar\/92a947da4e17221d7d35fe8c0373b90d.jpg?ver=1776936953\",\"caption\":\"Property Journal\"},\"url\":\"https:\/\/propertyjournal.com.mx\/en\/author\/camila\/\"}]}<\/script>\n<!-- \/ Yoast SEO Premium plugin. -->","yoast_head_json":{"title":"La incre\u00edble exposici\u00f3n de Cartier en el Museo Jumex 2023 - Property Journal","robots":{"index":"index","follow":"follow","max-snippet":"max-snippet:-1","max-image-preview":"max-image-preview:large","max-video-preview":"max-video-preview:-1"},"canonical":"https:\/\/propertyjournal.com.mx\/en\/exposicion-de-cartier-en-el-museo-jumex\/","og_locale":"en_US","og_type":"article","og_title":"La incre\u00edble exposici\u00f3n de Cartier en el Museo Jumex 2023","og_description":"La firma de joyer\u00eda y relojer\u00eda Cartier fue fundada en 1847 por Louis-Fran\u00e7ois Cartier en Par\u00eds, Francia. Fue un relojero innovador y pronto su negocio comenz\u00f3 a atraer a la aristocracia y a los miembros de la realeza, incluyendo a la familia imperial rusa, quienes le encargaron numerosas piezas a lo largo de los a\u00f1os. [&hellip;]","og_url":"https:\/\/propertyjournal.com.mx\/en\/exposicion-de-cartier-en-el-museo-jumex\/","og_site_name":"Property Journal","article_publisher":"https:\/\/www.facebook.com\/propertyjournalmx","article_published_time":"2023-04-05T01:19:31+00:00","article_modified_time":"2023-05-25T17:36:38+00:00","og_image":[{"width":985,"height":553,"url":"https:\/\/propertyjournal.com.mx\/wp-content\/uploads\/2023\/04\/cartier-un-legado-vivo-property-journal.jpg","type":"image\/jpeg"}],"author":"Property Journal","twitter_card":"summary_large_image","twitter_misc":{"Written by":"Property Journal","Est. reading time":"3 minutes"},"schema":{"@context":"https:\/\/schema.org","@graph":[{"@type":"Article","@id":"https:\/\/propertyjournal.com.mx\/exposicion-de-cartier-en-el-museo-jumex\/#article","isPartOf":{"@id":"https:\/\/propertyjournal.com.mx\/exposicion-de-cartier-en-el-museo-jumex\/"},"author":{"name":"Property Journal","@id":"https:\/\/propertyjournal.com.mx\/en\/#\/schema\/person\/ca6923a448dc0724eb4c1ccd2e9e8201"},"headline":"La incre\u00edble exposici\u00f3n de Cartier en el Museo Jumex 2023","datePublished":"2023-04-05T01:19:31+00:00","dateModified":"2023-05-25T17:36:38+00:00","mainEntityOfPage":{"@id":"https:\/\/propertyjournal.com.mx\/exposicion-de-cartier-en-el-museo-jumex\/"},"wordCount":636,"commentCount":0,"publisher":{"@id":"https:\/\/propertyjournal.com.mx\/en\/#organization"},"image":{"@id":"https:\/\/propertyjournal.com.mx\/exposicion-de-cartier-en-el-museo-jumex\/#primaryimage"},"thumbnailUrl":"https:\/\/propertyjournal.com.mx\/wp-content\/uploads\/2023\/04\/cartier-un-legado-vivo-property-journal.jpg","keywords":["arte","cartier","Ciudad de M\u00e9xico","el dise\u00f1o de cartier","lifestyle"],"articleSection":["Lifestyle"],"inLanguage":"en-US","potentialAction":[{"@type":"CommentAction","name":"Comment","target":["https:\/\/propertyjournal.com.mx\/exposicion-de-cartier-en-el-museo-jumex\/#respond"]}]},{"@type":"WebPage","@id":"https:\/\/propertyjournal.com.mx\/exposicion-de-cartier-en-el-museo-jumex\/","url":"https:\/\/propertyjournal.com.mx\/exposicion-de-cartier-en-el-museo-jumex\/","name":"La incre\u00edble exposici\u00f3n de Cartier en el Museo Jumex 2023 - Property Journal","isPartOf":{"@id":"https:\/\/propertyjournal.com.mx\/en\/#website"},"primaryImageOfPage":{"@id":"https:\/\/propertyjournal.com.mx\/exposicion-de-cartier-en-el-museo-jumex\/#primaryimage"},"image":{"@id":"https:\/\/propertyjournal.com.mx\/exposicion-de-cartier-en-el-museo-jumex\/#primaryimage"},"thumbnailUrl":"https:\/\/propertyjournal.com.mx\/wp-content\/uploads\/2023\/04\/cartier-un-legado-vivo-property-journal.jpg","datePublished":"2023-04-05T01:19:31+00:00","dateModified":"2023-05-25T17:36:38+00:00","breadcrumb":{"@id":"https:\/\/propertyjournal.com.mx\/exposicion-de-cartier-en-el-museo-jumex\/#breadcrumb"},"inLanguage":"en-US","potentialAction":[{"@type":"ReadAction","target":["https:\/\/propertyjournal.com.mx\/exposicion-de-cartier-en-el-museo-jumex\/"]}]},{"@type":"ImageObject","inLanguage":"en-US","@id":"https:\/\/propertyjournal.com.mx\/exposicion-de-cartier-en-el-museo-jumex\/#primaryimage","url":"https:\/\/propertyjournal.com.mx\/wp-content\/uploads\/2023\/04\/cartier-un-legado-vivo-property-journal.jpg","contentUrl":"https:\/\/propertyjournal.com.mx\/wp-content\/uploads\/2023\/04\/cartier-un-legado-vivo-property-journal.jpg","width":985,"height":553},{"@type":"BreadcrumbList","@id":"https:\/\/propertyjournal.com.mx\/exposicion-de-cartier-en-el-museo-jumex\/#breadcrumb","itemListElement":[{"@type":"ListItem","position":1,"name":"Home","item":"https:\/\/propertyjournal.com.mx\/"},{"@type":"ListItem","position":2,"name":"La incre\u00edble exposici\u00f3n de Cartier en el Museo Jumex 2023"}]},{"@type":"WebSite","@id":"https:\/\/propertyjournal.com.mx\/en\/#website","url":"https:\/\/propertyjournal.com.mx\/en\/","name":"Property Journal","description":"News Real Estate","publisher":{"@id":"https:\/\/propertyjournal.com.mx\/en\/#organization"},"potentialAction":[{"@type":"SearchAction","target":{"@type":"EntryPoint","urlTemplate":"https:\/\/propertyjournal.com.mx\/en\/?s={search_term_string}"},"query-input":{"@type":"PropertyValueSpecification","valueRequired":true,"valueName":"search_term_string"}}],"inLanguage":"en-US"},{"@type":"Organization","@id":"https:\/\/propertyjournal.com.mx\/en\/#organization","name":"Property Journal","url":"https:\/\/propertyjournal.com.mx\/en\/","logo":{"@type":"ImageObject","inLanguage":"en-US","@id":"https:\/\/propertyjournal.com.mx\/en\/#\/schema\/logo\/image\/","url":"https:\/\/propertyjournal.com.mx\/wp-content\/uploads\/2023\/04\/logo2-property-journal.png","contentUrl":"https:\/\/propertyjournal.com.mx\/wp-content\/uploads\/2023\/04\/logo2-property-journal.png","width":380,"height":180,"caption":"Property Journal"},"image":{"@id":"https:\/\/propertyjournal.com.mx\/en\/#\/schema\/logo\/image\/"},"sameAs":["https:\/\/www.facebook.com\/propertyjournalmx","https:\/\/www.instagram.com\/propertyjournalmx\/"]},{"@type":"Person","@id":"https:\/\/propertyjournal.com.mx\/en\/#\/schema\/person\/ca6923a448dc0724eb4c1ccd2e9e8201","name":"Property Journal","image":{"@type":"ImageObject","inLanguage":"en-US","@id":"https:\/\/propertyjournal.com.mx\/wp-content\/litespeed\/avatar\/92a947da4e17221d7d35fe8c0373b90d.jpg?ver=1776936953","url":"https:\/\/propertyjournal.com.mx\/wp-content\/litespeed\/avatar\/92a947da4e17221d7d35fe8c0373b90d.jpg?ver=1776936953","contentUrl":"https:\/\/propertyjournal.com.mx\/wp-content\/litespeed\/avatar\/92a947da4e17221d7d35fe8c0373b90d.jpg?ver=1776936953","caption":"Property Journal"},"url":"https:\/\/propertyjournal.com.mx\/en\/author\/camila\/"}]}},"_links":{"self":[{"href":"https:\/\/propertyjournal.com.mx\/en\/wp-json\/wp\/v2\/posts\/3596","targetHints":{"allow":["GET"]}}],"collection":[{"href":"https:\/\/propertyjournal.com.mx\/en\/wp-json\/wp\/v2\/posts"}],"about":[{"href":"https:\/\/propertyjournal.com.mx\/en\/wp-json\/wp\/v2\/types\/post"}],"author":[{"embeddable":true,"href":"https:\/\/propertyjournal.com.mx\/en\/wp-json\/wp\/v2\/users\/3"}],"replies":[{"embeddable":true,"href":"https:\/\/propertyjournal.com.mx\/en\/wp-json\/wp\/v2\/comments?post=3596"}],"version-history":[{"count":1,"href":"https:\/\/propertyjournal.com.mx\/en\/wp-json\/wp\/v2\/posts\/3596\/revisions"}],"predecessor-version":[{"id":6549,"href":"https:\/\/propertyjournal.com.mx\/en\/wp-json\/wp\/v2\/posts\/3596\/revisions\/6549"}],"wp:featuredmedia":[{"embeddable":true,"href":"https:\/\/propertyjournal.com.mx\/en\/wp-json\/wp\/v2\/media\/5291"}],"wp:attachment":[{"href":"https:\/\/propertyjournal.com.mx\/en\/wp-json\/wp\/v2\/media?parent=3596"}],"wp:term":[{"taxonomy":"category","embeddable":true,"href":"https:\/\/propertyjournal.com.mx\/en\/wp-json\/wp\/v2\/categories?post=3596"},{"taxonomy":"post_tag","embeddable":true,"href":"https:\/\/propertyjournal.com.mx\/en\/wp-json\/wp\/v2\/tags?post=3596"}],"curies":[{"name":"wp","href":"https:\/\/api.w.org\/{rel}","templated":true}]}}