{"id":6130,"date":"2023-05-03T17:38:17","date_gmt":"2023-05-03T22:38:17","guid":{"rendered":"https:\/\/propertyjournal.com.mx\/?p=3838"},"modified":"2023-05-30T20:37:09","modified_gmt":"2023-05-30T20:37:09","slug":"22-aniversario-de-galeria-corsica","status":"publish","type":"post","link":"https:\/\/propertyjournal.com.mx\/en\/22-aniversario-de-galeria-corsica\/","title":{"rendered":"22nd Anniversary of Corsica Art Gallery"},"content":{"rendered":"<p>On April 26, a large celebration was held at <a href=\"https:\/\/galeriacorsica.com\/\">Galeria Corsica<\/a> on the occasion of its 22nd anniversary, where hundreds of people attended to celebrate this great event together with Jean Pierre Renucci, founder of the gallery.<\/p>\n\n\n\n<p>The event was attended by friends, tourists, connoisseurs, artists and people from the middle, who made, together with the live piano and a bar that offered margaritas and mojitos, that an exciting and festive atmosphere was felt in which at the same time it was enjoyed Of art.<\/p>\n\n\n\n<p>Among the exhibitors who attended the event were Marina Cort\u00e9s, Mauricio de la Parra, Maricarmen Puente, Ricardo Fern\u00e1ndez, among other great talents. Congratulations to the artists and Jean Pierre for this achievement and thank you for sharing with all of us this important moment in his career.<\/p>\n\n\n\n<figure class=\"wp-block-gallery has-nested-images columns-default is-cropped wp-block-gallery-1 is-layout-flex wp-block-gallery-is-layout-flex\">\n<figure class=\"wp-block-image size-large\"><img decoding=\"async\" data-id=\"3843\" src=\"https:\/\/propertyjournal.com.mx\/wp-content\/uploads\/2023\/05\/corsica-property-journal4-810x1080.jpg\" alt=\"\" class=\"wp-image-3843\"\/><\/figure>\n\n\n\n<figure class=\"wp-block-image size-large\"><img decoding=\"async\" data-id=\"3844\" src=\"https:\/\/propertyjournal.com.mx\/wp-content\/uploads\/2023\/05\/corsica-property-journal1-810x1080.jpg\" alt=\"\" class=\"wp-image-3844\"\/><\/figure>\n\n\n\n<figure class=\"wp-block-image size-large\"><img decoding=\"async\" data-id=\"3845\" src=\"https:\/\/propertyjournal.com.mx\/wp-content\/uploads\/2023\/05\/corsica-property-journal5-810x1080.jpg\" alt=\"\" class=\"wp-image-3845\"\/><\/figure>\n<\/figure>\n\n\n\n<figure class=\"wp-block-gallery has-nested-images columns-default is-cropped wp-block-gallery-2 is-layout-flex wp-block-gallery-is-layout-flex\">\n<figure class=\"wp-block-image size-large\"><img decoding=\"async\" data-id=\"3846\" src=\"https:\/\/propertyjournal.com.mx\/wp-content\/uploads\/2023\/05\/corsica-property-journal8-810x1080.jpg\" alt=\"\" class=\"wp-image-3846\"\/><\/figure>\n\n\n\n<figure class=\"wp-block-image size-large\"><img decoding=\"async\" data-id=\"3847\" src=\"https:\/\/propertyjournal.com.mx\/wp-content\/uploads\/2023\/05\/corsica-property-journal3-810x1080.jpg\" alt=\"\" class=\"wp-image-3847\"\/><\/figure>\n\n\n\n<figure class=\"wp-block-image size-large\"><img decoding=\"async\" data-id=\"3848\" src=\"https:\/\/propertyjournal.com.mx\/wp-content\/uploads\/2023\/05\/corsica-property-journal2-1440x1080.jpg\" alt=\"\" class=\"wp-image-3848\"\/><\/figure>\n<\/figure>\n\n\n\n<figure class=\"wp-block-gallery has-nested-images columns-default is-cropped wp-block-gallery-3 is-layout-flex wp-block-gallery-is-layout-flex\">\n<figure class=\"wp-block-image size-large\"><img fetchpriority=\"high\" decoding=\"async\" width=\"1080\" height=\"1080\" data-id=\"3850\" src=\"https:\/\/propertyjournal.com.mx\/wp-content\/uploads\/2023\/05\/corsica2.jpg\" alt=\"\" class=\"wp-image-3850\" srcset=\"https:\/\/propertyjournal.com.mx\/wp-content\/uploads\/2023\/05\/corsica2.jpg 1080w, https:\/\/propertyjournal.com.mx\/wp-content\/uploads\/2023\/05\/corsica2-300x300.jpg 300w, https:\/\/propertyjournal.com.mx\/wp-content\/uploads\/2023\/05\/corsica2-1024x1024.jpg 1024w, https:\/\/propertyjournal.com.mx\/wp-content\/uploads\/2023\/05\/corsica2-150x150.jpg 150w, https:\/\/propertyjournal.com.mx\/wp-content\/uploads\/2023\/05\/corsica2-768x768.jpg 768w, https:\/\/propertyjournal.com.mx\/wp-content\/uploads\/2023\/05\/corsica2-12x12.jpg 12w\" sizes=\"(max-width: 1080px) 100vw, 1080px\" \/><\/figure>\n\n\n\n<figure class=\"wp-block-image size-large\"><img decoding=\"async\" width=\"1080\" height=\"1080\" data-id=\"3851\" src=\"https:\/\/propertyjournal.com.mx\/wp-content\/uploads\/2023\/05\/corsica1.jpg\" alt=\"galer\u00eda-corsica\" class=\"wp-image-3851\" srcset=\"https:\/\/propertyjournal.com.mx\/wp-content\/uploads\/2023\/05\/corsica1.jpg 1080w, https:\/\/propertyjournal.com.mx\/wp-content\/uploads\/2023\/05\/corsica1-300x300.jpg 300w, https:\/\/propertyjournal.com.mx\/wp-content\/uploads\/2023\/05\/corsica1-1024x1024.jpg 1024w, https:\/\/propertyjournal.com.mx\/wp-content\/uploads\/2023\/05\/corsica1-150x150.jpg 150w, https:\/\/propertyjournal.com.mx\/wp-content\/uploads\/2023\/05\/corsica1-768x768.jpg 768w, https:\/\/propertyjournal.com.mx\/wp-content\/uploads\/2023\/05\/corsica1-12x12.jpg 12w\" sizes=\"(max-width: 1080px) 100vw, 1080px\" \/><\/figure>\n<\/figure>\n\n\n\n<h2 class=\"wp-block-heading\">About Corsica Art Gallery<\/h2>\n\n\n\n<p>Corsica was founded 22 years ago by Jean Pierre Renucci in Puerto Vallarta and, as a result of its success, it now encompasses a space that includes Corsica Puerto Vallarta, Corsica Los Cabos, Emotions by Corsica Puerto Vallarta and Emotions by Corsica Los Cabos.<\/p>\n\n\n\n<p>In Corsica\u2019s world, they only work with Mexican artists and this has been, since its foundation, part of their vision and one of the biggest differentiators they have compared to other galleries.<\/p>\n\n\n\n<p>We recently had the opportunity to interview Jean Pierre and he told us precisely how he started Galer\u00eda Corsica, how he has promoted and supported Mexican art, and also told us about how to start investing in art.<\/p>\n\n\n\n<p>We invite you to enjoy this talk as much as we do in the following video:<\/p>\n\n\n\n<figure class=\"wp-block-embed is-type-video is-provider-youtube wp-block-embed-youtube wp-embed-aspect-16-9 wp-has-aspect-ratio\"><div class=\"wp-block-embed__wrapper\">\n<iframe title=\"Jean Pierre Renucci: Passion for Mexican art\" width=\"1200\" height=\"675\" src=\"https:\/\/www.youtube.com\/embed\/pt8JZfS4HbU?feature=oembed\" frameborder=\"0\" allow=\"accelerometer; autoplay; clipboard-write; encrypted-media; gyroscope; picture-in-picture; web-share\" allowfullscreen><\/iframe>\n<\/div><\/figure>\n\n\n\n<p><\/p>","protected":false},"excerpt":{"rendered":"<p>El pasado 26 de abril se llev\u00f3 a cabo una grande celebraci\u00f3n en Galer\u00eda Corsica con motivo de su 22 aniversario, donde asistieron cientos de personas para festejar junto con Jean Pierre Renucci, fundador de la galer\u00eda, este gran acontecimiento. Al evento asistieron amigos, turistas, conocedores, artistas y gente del medio, quienes hicieron, junto con [&hellip;]<\/p>\n","protected":false},"author":3,"featured_media":3855,"comment_status":"open","ping_status":"open","sticky":false,"template":"","format":"standard","meta":{"_joinchat":[],"footnotes":""},"categories":[296],"tags":[1009],"class_list":["post-6130","post","type-post","status-publish","format-standard","has-post-thumbnail","hentry","category-puerto-vallarta","tag-galeria-corsica"],"yoast_head":"<!-- This site is optimized with the Yoast SEO Premium plugin v20.8 (Yoast SEO v27.2) - https:\/\/yoast.com\/product\/yoast-seo-premium-wordpress\/ -->\n<title>22 Aniversario de Galer\u00eda Corsica - Property Journal<\/title>\n<meta name=\"robots\" content=\"index, follow, max-snippet:-1, max-image-preview:large, max-video-preview:-1\" \/>\n<link rel=\"canonical\" href=\"https:\/\/propertyjournal.com.mx\/en\/22-aniversario-de-galeria-corsica\/\" \/>\n<meta property=\"og:locale\" content=\"en_US\" \/>\n<meta property=\"og:type\" content=\"article\" \/>\n<meta property=\"og:title\" content=\"22 Aniversario de Galer\u00eda Corsica\" \/>\n<meta property=\"og:description\" content=\"El pasado 26 de abril se llev\u00f3 a cabo una grande celebraci\u00f3n en Galer\u00eda Corsica con motivo de su 22 aniversario, donde asistieron cientos de personas para festejar junto con Jean Pierre Renucci, fundador de la galer\u00eda, este gran acontecimiento. Al evento asistieron amigos, turistas, conocedores, artistas y gente del medio, quienes hicieron, junto con [&hellip;]\" \/>\n<meta property=\"og:url\" content=\"https:\/\/propertyjournal.com.mx\/en\/22-aniversario-de-galeria-corsica\/\" \/>\n<meta property=\"og:site_name\" content=\"Property Journal\" \/>\n<meta property=\"article:publisher\" content=\"https:\/\/www.facebook.com\/propertyjournalmx\" \/>\n<meta property=\"article:published_time\" content=\"2023-05-03T22:38:17+00:00\" \/>\n<meta property=\"article:modified_time\" content=\"2023-05-30T20:37:09+00:00\" \/>\n<meta property=\"og:image\" content=\"https:\/\/propertyjournal.com.mx\/wp-content\/uploads\/2023\/05\/property-journal-corsica-scaled-1.jpg\" \/>\n\t<meta property=\"og:image:width\" content=\"2560\" \/>\n\t<meta property=\"og:image:height\" content=\"1897\" \/>\n\t<meta property=\"og:image:type\" content=\"image\/jpeg\" \/>\n<meta name=\"author\" content=\"Property Journal\" \/>\n<meta name=\"twitter:card\" content=\"summary_large_image\" \/>\n<meta name=\"twitter:label1\" content=\"Written by\" \/>\n\t<meta name=\"twitter:data1\" content=\"Property Journal\" \/>\n\t<meta name=\"twitter:label2\" content=\"Est. reading time\" \/>\n\t<meta name=\"twitter:data2\" content=\"3 minutes\" \/>\n<script type=\"application\/ld+json\" class=\"yoast-schema-graph\">{\"@context\":\"https:\/\/schema.org\",\"@graph\":[{\"@type\":\"Article\",\"@id\":\"https:\/\/propertyjournal.com.mx\/22-aniversario-de-galeria-corsica\/#article\",\"isPartOf\":{\"@id\":\"https:\/\/propertyjournal.com.mx\/22-aniversario-de-galeria-corsica\/\"},\"author\":{\"name\":\"Property Journal\",\"@id\":\"https:\/\/propertyjournal.com.mx\/en\/#\/schema\/person\/ca6923a448dc0724eb4c1ccd2e9e8201\"},\"headline\":\"22 Aniversario de Galer\u00eda Corsica\",\"datePublished\":\"2023-05-03T22:38:17+00:00\",\"dateModified\":\"2023-05-30T20:37:09+00:00\",\"mainEntityOfPage\":{\"@id\":\"https:\/\/propertyjournal.com.mx\/22-aniversario-de-galeria-corsica\/\"},\"wordCount\":294,\"commentCount\":0,\"publisher\":{\"@id\":\"https:\/\/propertyjournal.com.mx\/en\/#organization\"},\"image\":{\"@id\":\"https:\/\/propertyjournal.com.mx\/22-aniversario-de-galeria-corsica\/#primaryimage\"},\"thumbnailUrl\":\"https:\/\/propertyjournal.com.mx\/wp-content\/uploads\/2023\/05\/property-journal-corsica-scaled-1.jpg\",\"keywords\":[\"Galer\u00eda Corsica\"],\"articleSection\":[\"Puerto Vallarta \/ Nayarit\"],\"inLanguage\":\"en-US\",\"potentialAction\":[{\"@type\":\"CommentAction\",\"name\":\"Comment\",\"target\":[\"https:\/\/propertyjournal.com.mx\/22-aniversario-de-galeria-corsica\/#respond\"]}]},{\"@type\":\"WebPage\",\"@id\":\"https:\/\/propertyjournal.com.mx\/22-aniversario-de-galeria-corsica\/\",\"url\":\"https:\/\/propertyjournal.com.mx\/22-aniversario-de-galeria-corsica\/\",\"name\":\"22 Aniversario de Galer\u00eda Corsica - Property Journal\",\"isPartOf\":{\"@id\":\"https:\/\/propertyjournal.com.mx\/en\/#website\"},\"primaryImageOfPage\":{\"@id\":\"https:\/\/propertyjournal.com.mx\/22-aniversario-de-galeria-corsica\/#primaryimage\"},\"image\":{\"@id\":\"https:\/\/propertyjournal.com.mx\/22-aniversario-de-galeria-corsica\/#primaryimage\"},\"thumbnailUrl\":\"https:\/\/propertyjournal.com.mx\/wp-content\/uploads\/2023\/05\/property-journal-corsica-scaled-1.jpg\",\"datePublished\":\"2023-05-03T22:38:17+00:00\",\"dateModified\":\"2023-05-30T20:37:09+00:00\",\"breadcrumb\":{\"@id\":\"https:\/\/propertyjournal.com.mx\/22-aniversario-de-galeria-corsica\/#breadcrumb\"},\"inLanguage\":\"en-US\",\"potentialAction\":[{\"@type\":\"ReadAction\",\"target\":[\"https:\/\/propertyjournal.com.mx\/22-aniversario-de-galeria-corsica\/\"]}]},{\"@type\":\"ImageObject\",\"inLanguage\":\"en-US\",\"@id\":\"https:\/\/propertyjournal.com.mx\/22-aniversario-de-galeria-corsica\/#primaryimage\",\"url\":\"https:\/\/propertyjournal.com.mx\/wp-content\/uploads\/2023\/05\/property-journal-corsica-scaled-1.jpg\",\"contentUrl\":\"https:\/\/propertyjournal.com.mx\/wp-content\/uploads\/2023\/05\/property-journal-corsica-scaled-1.jpg\",\"width\":2560,\"height\":1897},{\"@type\":\"BreadcrumbList\",\"@id\":\"https:\/\/propertyjournal.com.mx\/22-aniversario-de-galeria-corsica\/#breadcrumb\",\"itemListElement\":[{\"@type\":\"ListItem\",\"position\":1,\"name\":\"Home\",\"item\":\"https:\/\/propertyjournal.com.mx\/\"},{\"@type\":\"ListItem\",\"position\":2,\"name\":\"22 Aniversario de Galer\u00eda Corsica\"}]},{\"@type\":\"WebSite\",\"@id\":\"https:\/\/propertyjournal.com.mx\/en\/#website\",\"url\":\"https:\/\/propertyjournal.com.mx\/en\/\",\"name\":\"Property Journal\",\"description\":\"News Real Estate\",\"publisher\":{\"@id\":\"https:\/\/propertyjournal.com.mx\/en\/#organization\"},\"potentialAction\":[{\"@type\":\"SearchAction\",\"target\":{\"@type\":\"EntryPoint\",\"urlTemplate\":\"https:\/\/propertyjournal.com.mx\/en\/?s={search_term_string}\"},\"query-input\":{\"@type\":\"PropertyValueSpecification\",\"valueRequired\":true,\"valueName\":\"search_term_string\"}}],\"inLanguage\":\"en-US\"},{\"@type\":\"Organization\",\"@id\":\"https:\/\/propertyjournal.com.mx\/en\/#organization\",\"name\":\"Property Journal\",\"url\":\"https:\/\/propertyjournal.com.mx\/en\/\",\"logo\":{\"@type\":\"ImageObject\",\"inLanguage\":\"en-US\",\"@id\":\"https:\/\/propertyjournal.com.mx\/en\/#\/schema\/logo\/image\/\",\"url\":\"https:\/\/propertyjournal.com.mx\/wp-content\/uploads\/2023\/04\/logo2-property-journal.png\",\"contentUrl\":\"https:\/\/propertyjournal.com.mx\/wp-content\/uploads\/2023\/04\/logo2-property-journal.png\",\"width\":380,\"height\":180,\"caption\":\"Property Journal\"},\"image\":{\"@id\":\"https:\/\/propertyjournal.com.mx\/en\/#\/schema\/logo\/image\/\"},\"sameAs\":[\"https:\/\/www.facebook.com\/propertyjournalmx\",\"https:\/\/www.instagram.com\/propertyjournalmx\/\"]},{\"@type\":\"Person\",\"@id\":\"https:\/\/propertyjournal.com.mx\/en\/#\/schema\/person\/ca6923a448dc0724eb4c1ccd2e9e8201\",\"name\":\"Property Journal\",\"image\":{\"@type\":\"ImageObject\",\"inLanguage\":\"en-US\",\"@id\":\"https:\/\/propertyjournal.com.mx\/wp-content\/litespeed\/avatar\/92a947da4e17221d7d35fe8c0373b90d.jpg?ver=1776936953\",\"url\":\"https:\/\/propertyjournal.com.mx\/wp-content\/litespeed\/avatar\/92a947da4e17221d7d35fe8c0373b90d.jpg?ver=1776936953\",\"contentUrl\":\"https:\/\/propertyjournal.com.mx\/wp-content\/litespeed\/avatar\/92a947da4e17221d7d35fe8c0373b90d.jpg?ver=1776936953\",\"caption\":\"Property Journal\"},\"url\":\"https:\/\/propertyjournal.com.mx\/en\/author\/camila\/\"}]}<\/script>\n<!-- \/ Yoast SEO Premium plugin. -->","yoast_head_json":{"title":"22 Aniversario de Galer\u00eda Corsica - Property Journal","robots":{"index":"index","follow":"follow","max-snippet":"max-snippet:-1","max-image-preview":"max-image-preview:large","max-video-preview":"max-video-preview:-1"},"canonical":"https:\/\/propertyjournal.com.mx\/en\/22-aniversario-de-galeria-corsica\/","og_locale":"en_US","og_type":"article","og_title":"22 Aniversario de Galer\u00eda Corsica","og_description":"El pasado 26 de abril se llev\u00f3 a cabo una grande celebraci\u00f3n en Galer\u00eda Corsica con motivo de su 22 aniversario, donde asistieron cientos de personas para festejar junto con Jean Pierre Renucci, fundador de la galer\u00eda, este gran acontecimiento. Al evento asistieron amigos, turistas, conocedores, artistas y gente del medio, quienes hicieron, junto con [&hellip;]","og_url":"https:\/\/propertyjournal.com.mx\/en\/22-aniversario-de-galeria-corsica\/","og_site_name":"Property Journal","article_publisher":"https:\/\/www.facebook.com\/propertyjournalmx","article_published_time":"2023-05-03T22:38:17+00:00","article_modified_time":"2023-05-30T20:37:09+00:00","og_image":[{"width":2560,"height":1897,"url":"https:\/\/propertyjournal.com.mx\/wp-content\/uploads\/2023\/05\/property-journal-corsica-scaled-1.jpg","type":"image\/jpeg"}],"author":"Property Journal","twitter_card":"summary_large_image","twitter_misc":{"Written by":"Property Journal","Est. reading time":"3 minutes"},"schema":{"@context":"https:\/\/schema.org","@graph":[{"@type":"Article","@id":"https:\/\/propertyjournal.com.mx\/22-aniversario-de-galeria-corsica\/#article","isPartOf":{"@id":"https:\/\/propertyjournal.com.mx\/22-aniversario-de-galeria-corsica\/"},"author":{"name":"Property Journal","@id":"https:\/\/propertyjournal.com.mx\/en\/#\/schema\/person\/ca6923a448dc0724eb4c1ccd2e9e8201"},"headline":"22 Aniversario de Galer\u00eda Corsica","datePublished":"2023-05-03T22:38:17+00:00","dateModified":"2023-05-30T20:37:09+00:00","mainEntityOfPage":{"@id":"https:\/\/propertyjournal.com.mx\/22-aniversario-de-galeria-corsica\/"},"wordCount":294,"commentCount":0,"publisher":{"@id":"https:\/\/propertyjournal.com.mx\/en\/#organization"},"image":{"@id":"https:\/\/propertyjournal.com.mx\/22-aniversario-de-galeria-corsica\/#primaryimage"},"thumbnailUrl":"https:\/\/propertyjournal.com.mx\/wp-content\/uploads\/2023\/05\/property-journal-corsica-scaled-1.jpg","keywords":["Galer\u00eda Corsica"],"articleSection":["Puerto Vallarta \/ Nayarit"],"inLanguage":"en-US","potentialAction":[{"@type":"CommentAction","name":"Comment","target":["https:\/\/propertyjournal.com.mx\/22-aniversario-de-galeria-corsica\/#respond"]}]},{"@type":"WebPage","@id":"https:\/\/propertyjournal.com.mx\/22-aniversario-de-galeria-corsica\/","url":"https:\/\/propertyjournal.com.mx\/22-aniversario-de-galeria-corsica\/","name":"22 Aniversario de Galer\u00eda Corsica - Property Journal","isPartOf":{"@id":"https:\/\/propertyjournal.com.mx\/en\/#website"},"primaryImageOfPage":{"@id":"https:\/\/propertyjournal.com.mx\/22-aniversario-de-galeria-corsica\/#primaryimage"},"image":{"@id":"https:\/\/propertyjournal.com.mx\/22-aniversario-de-galeria-corsica\/#primaryimage"},"thumbnailUrl":"https:\/\/propertyjournal.com.mx\/wp-content\/uploads\/2023\/05\/property-journal-corsica-scaled-1.jpg","datePublished":"2023-05-03T22:38:17+00:00","dateModified":"2023-05-30T20:37:09+00:00","breadcrumb":{"@id":"https:\/\/propertyjournal.com.mx\/22-aniversario-de-galeria-corsica\/#breadcrumb"},"inLanguage":"en-US","potentialAction":[{"@type":"ReadAction","target":["https:\/\/propertyjournal.com.mx\/22-aniversario-de-galeria-corsica\/"]}]},{"@type":"ImageObject","inLanguage":"en-US","@id":"https:\/\/propertyjournal.com.mx\/22-aniversario-de-galeria-corsica\/#primaryimage","url":"https:\/\/propertyjournal.com.mx\/wp-content\/uploads\/2023\/05\/property-journal-corsica-scaled-1.jpg","contentUrl":"https:\/\/propertyjournal.com.mx\/wp-content\/uploads\/2023\/05\/property-journal-corsica-scaled-1.jpg","width":2560,"height":1897},{"@type":"BreadcrumbList","@id":"https:\/\/propertyjournal.com.mx\/22-aniversario-de-galeria-corsica\/#breadcrumb","itemListElement":[{"@type":"ListItem","position":1,"name":"Home","item":"https:\/\/propertyjournal.com.mx\/"},{"@type":"ListItem","position":2,"name":"22 Aniversario de Galer\u00eda Corsica"}]},{"@type":"WebSite","@id":"https:\/\/propertyjournal.com.mx\/en\/#website","url":"https:\/\/propertyjournal.com.mx\/en\/","name":"Property Journal","description":"News Real Estate","publisher":{"@id":"https:\/\/propertyjournal.com.mx\/en\/#organization"},"potentialAction":[{"@type":"SearchAction","target":{"@type":"EntryPoint","urlTemplate":"https:\/\/propertyjournal.com.mx\/en\/?s={search_term_string}"},"query-input":{"@type":"PropertyValueSpecification","valueRequired":true,"valueName":"search_term_string"}}],"inLanguage":"en-US"},{"@type":"Organization","@id":"https:\/\/propertyjournal.com.mx\/en\/#organization","name":"Property Journal","url":"https:\/\/propertyjournal.com.mx\/en\/","logo":{"@type":"ImageObject","inLanguage":"en-US","@id":"https:\/\/propertyjournal.com.mx\/en\/#\/schema\/logo\/image\/","url":"https:\/\/propertyjournal.com.mx\/wp-content\/uploads\/2023\/04\/logo2-property-journal.png","contentUrl":"https:\/\/propertyjournal.com.mx\/wp-content\/uploads\/2023\/04\/logo2-property-journal.png","width":380,"height":180,"caption":"Property Journal"},"image":{"@id":"https:\/\/propertyjournal.com.mx\/en\/#\/schema\/logo\/image\/"},"sameAs":["https:\/\/www.facebook.com\/propertyjournalmx","https:\/\/www.instagram.com\/propertyjournalmx\/"]},{"@type":"Person","@id":"https:\/\/propertyjournal.com.mx\/en\/#\/schema\/person\/ca6923a448dc0724eb4c1ccd2e9e8201","name":"Property Journal","image":{"@type":"ImageObject","inLanguage":"en-US","@id":"https:\/\/propertyjournal.com.mx\/wp-content\/litespeed\/avatar\/92a947da4e17221d7d35fe8c0373b90d.jpg?ver=1776936953","url":"https:\/\/propertyjournal.com.mx\/wp-content\/litespeed\/avatar\/92a947da4e17221d7d35fe8c0373b90d.jpg?ver=1776936953","contentUrl":"https:\/\/propertyjournal.com.mx\/wp-content\/litespeed\/avatar\/92a947da4e17221d7d35fe8c0373b90d.jpg?ver=1776936953","caption":"Property Journal"},"url":"https:\/\/propertyjournal.com.mx\/en\/author\/camila\/"}]}},"_links":{"self":[{"href":"https:\/\/propertyjournal.com.mx\/en\/wp-json\/wp\/v2\/posts\/6130","targetHints":{"allow":["GET"]}}],"collection":[{"href":"https:\/\/propertyjournal.com.mx\/en\/wp-json\/wp\/v2\/posts"}],"about":[{"href":"https:\/\/propertyjournal.com.mx\/en\/wp-json\/wp\/v2\/types\/post"}],"author":[{"embeddable":true,"href":"https:\/\/propertyjournal.com.mx\/en\/wp-json\/wp\/v2\/users\/3"}],"replies":[{"embeddable":true,"href":"https:\/\/propertyjournal.com.mx\/en\/wp-json\/wp\/v2\/comments?post=6130"}],"version-history":[{"count":1,"href":"https:\/\/propertyjournal.com.mx\/en\/wp-json\/wp\/v2\/posts\/6130\/revisions"}],"predecessor-version":[{"id":6641,"href":"https:\/\/propertyjournal.com.mx\/en\/wp-json\/wp\/v2\/posts\/6130\/revisions\/6641"}],"wp:featuredmedia":[{"embeddable":true,"href":"https:\/\/propertyjournal.com.mx\/en\/wp-json\/wp\/v2\/media\/3855"}],"wp:attachment":[{"href":"https:\/\/propertyjournal.com.mx\/en\/wp-json\/wp\/v2\/media?parent=6130"}],"wp:term":[{"taxonomy":"category","embeddable":true,"href":"https:\/\/propertyjournal.com.mx\/en\/wp-json\/wp\/v2\/categories?post=6130"},{"taxonomy":"post_tag","embeddable":true,"href":"https:\/\/propertyjournal.com.mx\/en\/wp-json\/wp\/v2\/tags?post=6130"}],"curies":[{"name":"wp","href":"https:\/\/api.w.org\/{rel}","templated":true}]}}