{"id":9332,"date":"2024-05-04T11:15:51","date_gmt":"2024-05-04T11:15:51","guid":{"rendered":"https:\/\/propertyjournal.com.mx\/?p=9332"},"modified":"2024-05-04T11:15:51","modified_gmt":"2024-05-04T11:15:51","slug":"asi-es-la-lujosa-residencia-de-rafa-nadal-en-mallorca","status":"publish","type":"post","link":"https:\/\/propertyjournal.com.mx\/en\/asi-es-la-lujosa-residencia-de-rafa-nadal-en-mallorca\/","title":{"rendered":"As\u00ed es la lujosa residencia de Rafa Nadal en Mallorca"},"content":{"rendered":"<h2 class=\"wp-block-heading\" id=\"h-mansion-de-ensueno-nadal-presume-hogar-en-porto-cristo\">Mansi\u00f3n de ensue\u00f1o: Nadal presume hogar en Porto Cristo<\/h2>\n\n\n\n<p>Despu\u00e9s de 10 a\u00f1os de construcci\u00f3n, Rafa Nadal y su esposa, Mery Perell\u00f3, han completado su nuevo hogar en Porto Cristo, Mallorca. La impresionante mansi\u00f3n, dise\u00f1ada por el reconocido <strong>arquitecto mallorqu\u00edn Tomeu Esteva<\/strong>, se alza sobre un acantilado con vistas panor\u00e1micas al mar Mediterr\u00e1neo, ofreciendo<strong> lujo y privacidad<\/strong> para la pareja y su hijo.<\/p>\n\n\n\n<figure class=\"wp-block-gallery has-nested-images columns-default is-cropped wp-block-gallery-1 is-layout-flex wp-block-gallery-is-layout-flex\">\n<figure class=\"wp-block-image size-large\"><img fetchpriority=\"high\" decoding=\"async\" width=\"619\" height=\"560\" data-id=\"9336\" src=\"https:\/\/propertyjournal.com.mx\/wp-content\/uploads\/2024\/05\/casa-rafa-nadal-property-journal-2.jpg\" alt=\"mansion-rafa-nadal-en-porto-cristo\" class=\"wp-image-9336\" srcset=\"https:\/\/propertyjournal.com.mx\/wp-content\/uploads\/2024\/05\/casa-rafa-nadal-property-journal-2.jpg 619w, https:\/\/propertyjournal.com.mx\/wp-content\/uploads\/2024\/05\/casa-rafa-nadal-property-journal-2-300x271.jpg 300w, https:\/\/propertyjournal.com.mx\/wp-content\/uploads\/2024\/05\/casa-rafa-nadal-property-journal-2-13x12.jpg 13w\" sizes=\"(max-width: 619px) 100vw, 619px\" \/><\/figure>\n\n\n\n<figure class=\"wp-block-image size-large\"><img decoding=\"async\" width=\"815\" height=\"611\" data-id=\"9337\" src=\"https:\/\/propertyjournal.com.mx\/wp-content\/uploads\/2024\/05\/casa-rafa-nadal-property-journal-1.jpg\" alt=\"\" class=\"wp-image-9337\" srcset=\"https:\/\/propertyjournal.com.mx\/wp-content\/uploads\/2024\/05\/casa-rafa-nadal-property-journal-1.jpg 815w, https:\/\/propertyjournal.com.mx\/wp-content\/uploads\/2024\/05\/casa-rafa-nadal-property-journal-1-300x225.jpg 300w, https:\/\/propertyjournal.com.mx\/wp-content\/uploads\/2024\/05\/casa-rafa-nadal-property-journal-1-768x576.jpg 768w, https:\/\/propertyjournal.com.mx\/wp-content\/uploads\/2024\/05\/casa-rafa-nadal-property-journal-1-16x12.jpg 16w\" sizes=\"(max-width: 815px) 100vw, 815px\" \/><\/figure>\n<\/figure>\n\n\n\n<h2 class=\"wp-block-heading\" id=\"h-diseno-integrado-en-el-entorno-de-porto-cristo\">Design integrated into the environment of Porto Cristo<\/h2>\n\n\n\n<p>The mansion, built on a 7,000 square meter plot, is made up of four independent structures that blend harmoniously into the natural landscape. The architecture, with a <strong>minimalist and contemporary style<\/strong>, combines straight lines and noble materials such as stone and wood, creating a warm and welcoming atmosphere.<\/p>\n\n\n\n<h2 class=\"wp-block-heading\" id=\"h-espacios-amplios-y-luminosos-en-la-mansion-de-nadal\">Spacious and bright spaces in Nadal's mansion<\/h2>\n\n\n\n<p>The property offers 1,500 habitable square meters, distributed over several floors and connected by terraces and walkways. The main house has large rooms, including a living room with fireplace, a dining room, a modern kitchen and several en-suite bedrooms.<\/p>\n\n\n\n<p>The property also has a <strong>large infinity pool, a gym, a spa and several chill-out areas<\/strong>, perfect for enjoying the Mediterranean climate and stunning sea views. In addition, it has a heliport and a private pier to dock your catamaran, which makes access to the area easier.<\/p>\n\n\n\n<p>Rafa Nadal's new mansion in Porto Cristo is not only a luxury property, but also a home where the couple can enjoy tranquility and privacy with their son. The careful attention to detail and the choice of high-quality materials reflect the exquisite taste of Nadal and Perell\u00f3, who have created a unique space that combines comfort, functionality and avant-garde design.<\/p>\n\n\n\n<figure class=\"wp-block-gallery has-nested-images columns-default is-cropped wp-block-gallery-2 is-layout-flex wp-block-gallery-is-layout-flex\">\n<figure class=\"wp-block-image size-large\"><img decoding=\"async\" width=\"1024\" height=\"429\" data-id=\"9338\" src=\"https:\/\/propertyjournal.com.mx\/wp-content\/uploads\/2024\/05\/casa-rafa-nadal-property-journal-3-1024x429.jpg\" alt=\"\" class=\"wp-image-9338\" srcset=\"https:\/\/propertyjournal.com.mx\/wp-content\/uploads\/2024\/05\/casa-rafa-nadal-property-journal-3-1024x429.jpg 1024w, https:\/\/propertyjournal.com.mx\/wp-content\/uploads\/2024\/05\/casa-rafa-nadal-property-journal-3-300x126.jpg 300w, https:\/\/propertyjournal.com.mx\/wp-content\/uploads\/2024\/05\/casa-rafa-nadal-property-journal-3-768x322.jpg 768w, https:\/\/propertyjournal.com.mx\/wp-content\/uploads\/2024\/05\/casa-rafa-nadal-property-journal-3-18x8.jpg 18w, https:\/\/propertyjournal.com.mx\/wp-content\/uploads\/2024\/05\/casa-rafa-nadal-property-journal-3.jpg 1033w\" sizes=\"(max-width: 1024px) 100vw, 1024px\" \/><\/figure>\n\n\n\n<figure class=\"wp-block-image size-large\"><img loading=\"lazy\" decoding=\"async\" width=\"1024\" height=\"568\" data-id=\"9339\" src=\"https:\/\/propertyjournal.com.mx\/wp-content\/uploads\/2024\/05\/catamaran-rafa-nadal-mallorca-1024x568.jpg\" alt=\"catamaran-de-rafa-nadal\" class=\"wp-image-9339\" srcset=\"https:\/\/propertyjournal.com.mx\/wp-content\/uploads\/2024\/05\/catamaran-rafa-nadal-mallorca-1024x568.jpg 1024w, https:\/\/propertyjournal.com.mx\/wp-content\/uploads\/2024\/05\/catamaran-rafa-nadal-mallorca-300x166.jpg 300w, https:\/\/propertyjournal.com.mx\/wp-content\/uploads\/2024\/05\/catamaran-rafa-nadal-mallorca-768x426.jpg 768w, https:\/\/propertyjournal.com.mx\/wp-content\/uploads\/2024\/05\/catamaran-rafa-nadal-mallorca-18x10.jpg 18w, https:\/\/propertyjournal.com.mx\/wp-content\/uploads\/2024\/05\/catamaran-rafa-nadal-mallorca.jpg 1031w\" sizes=\"(max-width: 1024px) 100vw, 1024px\" \/><\/figure>\n<\/figure>\n\n\n\n<h2 class=\"wp-block-heading\" id=\"h-ubicacion\">Location<\/h2>\n\n\n\n<p>Located at the top of <strong>Porto Cristo<\/strong>, in the municipality of Manacor, Mallorca. It is located 12 kilometers from the <a href=\"https:\/\/www.rafanadalacademy.com\/en\">Rafa Nadal Academy<\/a>, where the tennis player usually trains.<\/p>\n\n\n\n<p>Rafa Nadal's new home in Porto Cristo is one of the most luxurious and exclusive properties in Mallorca. It is a reflection of the tennis player's professional success and his personal good taste. The mansion has also generated great media interest, which has contributed to positioning Porto Cristo as a luxury tourist destination.<\/p>\n\n\n\n<figure class=\"wp-block-embed is-type-video is-provider-youtube wp-block-embed-youtube wp-embed-aspect-16-9 wp-has-aspect-ratio\"><div class=\"wp-block-embed__wrapper\">\n<iframe title=\"This is the impressive house that Rafa Nadal is building in Porto Cristo\" width=\"1200\" height=\"675\" src=\"https:\/\/www.youtube.com\/embed\/ALmfeR8jZrA?feature=oembed\" frameborder=\"0\" allow=\"accelerometer; autoplay; clipboard-write; encrypted-media; gyroscope; picture-in-picture; web-share\" referrerpolicy=\"strict-origin-when-cross-origin\" allowfullscreen><\/iframe>\n<\/div><\/figure>","protected":false},"excerpt":{"rendered":"<p>Mansi\u00f3n de ensue\u00f1o: Nadal presume hogar en Porto Cristo Despu\u00e9s de 10 a\u00f1os de construcci\u00f3n, Rafa Nadal y su esposa, Mery Perell\u00f3, han completado su nuevo hogar en Porto Cristo, Mallorca. La impresionante mansi\u00f3n, dise\u00f1ada por el reconocido arquitecto mallorqu\u00edn Tomeu Esteva, se alza sobre un acantilado con vistas panor\u00e1micas al mar Mediterr\u00e1neo, ofreciendo lujo [&hellip;]<\/p>\n","protected":false},"author":3,"featured_media":9335,"comment_status":"open","ping_status":"open","sticky":false,"template":"","format":"standard","meta":{"_joinchat":[],"footnotes":""},"categories":[199],"tags":[1182],"class_list":["post-9332","post","type-post","status-publish","format-standard","has-post-thumbnail","hentry","category-life-style","tag-rafa-nadal"],"yoast_head":"<!-- This site is optimized with the Yoast SEO Premium plugin v20.8 (Yoast SEO v27.2) - https:\/\/yoast.com\/product\/yoast-seo-premium-wordpress\/ -->\n<title>As\u00ed es la lujosa residencia de Rafa Nadal en Mallorca - Property Journal<\/title>\n<meta name=\"description\" content=\"Ad\u00e9ntrate en la impresionante mansi\u00f3n de Rafa Nadal en Porto Cristo, Mallorca. Un hogar de lujo y privacidad junto al mar.\" \/>\n<meta name=\"robots\" content=\"index, follow, max-snippet:-1, max-image-preview:large, max-video-preview:-1\" \/>\n<link rel=\"canonical\" href=\"https:\/\/propertyjournal.com.mx\/en\/asi-es-la-lujosa-residencia-de-rafa-nadal-en-mallorca\/\" \/>\n<meta property=\"og:locale\" content=\"en_US\" \/>\n<meta property=\"og:type\" content=\"article\" \/>\n<meta property=\"og:title\" content=\"As\u00ed es la lujosa residencia de Rafa Nadal en Mallorca\" \/>\n<meta property=\"og:description\" content=\"Ad\u00e9ntrate en la impresionante mansi\u00f3n de Rafa Nadal en Porto Cristo, Mallorca. Un hogar de lujo y privacidad junto al mar.\" \/>\n<meta property=\"og:url\" content=\"https:\/\/propertyjournal.com.mx\/en\/asi-es-la-lujosa-residencia-de-rafa-nadal-en-mallorca\/\" \/>\n<meta property=\"og:site_name\" content=\"Property Journal\" \/>\n<meta property=\"article:publisher\" content=\"https:\/\/www.facebook.com\/propertyjournalmx\" \/>\n<meta property=\"article:published_time\" content=\"2024-05-04T11:15:51+00:00\" \/>\n<meta property=\"og:image\" content=\"https:\/\/propertyjournal.com.mx\/wp-content\/uploads\/2024\/05\/casa-rafa-nadal-property-journal.jpg\" \/>\n\t<meta property=\"og:image:width\" content=\"871\" \/>\n\t<meta property=\"og:image:height\" content=\"541\" \/>\n\t<meta property=\"og:image:type\" content=\"image\/jpeg\" \/>\n<meta name=\"author\" content=\"Property Journal\" \/>\n<meta name=\"twitter:card\" content=\"summary_large_image\" \/>\n<meta name=\"twitter:label1\" content=\"Written by\" \/>\n\t<meta name=\"twitter:data1\" content=\"Property Journal\" \/>\n\t<meta name=\"twitter:label2\" content=\"Est. reading time\" \/>\n\t<meta name=\"twitter:data2\" content=\"3 minutes\" \/>\n<script type=\"application\/ld+json\" class=\"yoast-schema-graph\">{\"@context\":\"https:\/\/schema.org\",\"@graph\":[{\"@type\":\"Article\",\"@id\":\"https:\/\/propertyjournal.com.mx\/asi-es-la-lujosa-residencia-de-rafa-nadal-en-mallorca\/#article\",\"isPartOf\":{\"@id\":\"https:\/\/propertyjournal.com.mx\/asi-es-la-lujosa-residencia-de-rafa-nadal-en-mallorca\/\"},\"author\":{\"name\":\"Property Journal\",\"@id\":\"https:\/\/propertyjournal.com.mx\/en\/#\/schema\/person\/ca6923a448dc0724eb4c1ccd2e9e8201\"},\"headline\":\"As\u00ed es la lujosa residencia de Rafa Nadal en Mallorca\",\"datePublished\":\"2024-05-04T11:15:51+00:00\",\"mainEntityOfPage\":{\"@id\":\"https:\/\/propertyjournal.com.mx\/asi-es-la-lujosa-residencia-de-rafa-nadal-en-mallorca\/\"},\"wordCount\":423,\"commentCount\":0,\"publisher\":{\"@id\":\"https:\/\/propertyjournal.com.mx\/en\/#organization\"},\"image\":{\"@id\":\"https:\/\/propertyjournal.com.mx\/asi-es-la-lujosa-residencia-de-rafa-nadal-en-mallorca\/#primaryimage\"},\"thumbnailUrl\":\"https:\/\/propertyjournal.com.mx\/wp-content\/uploads\/2024\/05\/casa-rafa-nadal-property-journal.jpg\",\"keywords\":[\"Rafa Nadal\"],\"articleSection\":[\"Lifestyle\"],\"inLanguage\":\"en-US\",\"potentialAction\":[{\"@type\":\"CommentAction\",\"name\":\"Comment\",\"target\":[\"https:\/\/propertyjournal.com.mx\/asi-es-la-lujosa-residencia-de-rafa-nadal-en-mallorca\/#respond\"]}]},{\"@type\":\"WebPage\",\"@id\":\"https:\/\/propertyjournal.com.mx\/asi-es-la-lujosa-residencia-de-rafa-nadal-en-mallorca\/\",\"url\":\"https:\/\/propertyjournal.com.mx\/asi-es-la-lujosa-residencia-de-rafa-nadal-en-mallorca\/\",\"name\":\"As\u00ed es la lujosa residencia de Rafa Nadal en Mallorca - Property Journal\",\"isPartOf\":{\"@id\":\"https:\/\/propertyjournal.com.mx\/en\/#website\"},\"primaryImageOfPage\":{\"@id\":\"https:\/\/propertyjournal.com.mx\/asi-es-la-lujosa-residencia-de-rafa-nadal-en-mallorca\/#primaryimage\"},\"image\":{\"@id\":\"https:\/\/propertyjournal.com.mx\/asi-es-la-lujosa-residencia-de-rafa-nadal-en-mallorca\/#primaryimage\"},\"thumbnailUrl\":\"https:\/\/propertyjournal.com.mx\/wp-content\/uploads\/2024\/05\/casa-rafa-nadal-property-journal.jpg\",\"datePublished\":\"2024-05-04T11:15:51+00:00\",\"description\":\"Ad\u00e9ntrate en la impresionante mansi\u00f3n de Rafa Nadal en Porto Cristo, Mallorca. Un hogar de lujo y privacidad junto al mar.\",\"breadcrumb\":{\"@id\":\"https:\/\/propertyjournal.com.mx\/asi-es-la-lujosa-residencia-de-rafa-nadal-en-mallorca\/#breadcrumb\"},\"inLanguage\":\"en-US\",\"potentialAction\":[{\"@type\":\"ReadAction\",\"target\":[\"https:\/\/propertyjournal.com.mx\/asi-es-la-lujosa-residencia-de-rafa-nadal-en-mallorca\/\"]}]},{\"@type\":\"ImageObject\",\"inLanguage\":\"en-US\",\"@id\":\"https:\/\/propertyjournal.com.mx\/asi-es-la-lujosa-residencia-de-rafa-nadal-en-mallorca\/#primaryimage\",\"url\":\"https:\/\/propertyjournal.com.mx\/wp-content\/uploads\/2024\/05\/casa-rafa-nadal-property-journal.jpg\",\"contentUrl\":\"https:\/\/propertyjournal.com.mx\/wp-content\/uploads\/2024\/05\/casa-rafa-nadal-property-journal.jpg\",\"width\":871,\"height\":541,\"caption\":\"casa-rafa-nadal-en-mallorca\"},{\"@type\":\"BreadcrumbList\",\"@id\":\"https:\/\/propertyjournal.com.mx\/asi-es-la-lujosa-residencia-de-rafa-nadal-en-mallorca\/#breadcrumb\",\"itemListElement\":[{\"@type\":\"ListItem\",\"position\":1,\"name\":\"Home\",\"item\":\"https:\/\/propertyjournal.com.mx\/\"},{\"@type\":\"ListItem\",\"position\":2,\"name\":\"As\u00ed es la lujosa residencia de Rafa Nadal en Mallorca\"}]},{\"@type\":\"WebSite\",\"@id\":\"https:\/\/propertyjournal.com.mx\/en\/#website\",\"url\":\"https:\/\/propertyjournal.com.mx\/en\/\",\"name\":\"Property Journal\",\"description\":\"News Real Estate\",\"publisher\":{\"@id\":\"https:\/\/propertyjournal.com.mx\/en\/#organization\"},\"potentialAction\":[{\"@type\":\"SearchAction\",\"target\":{\"@type\":\"EntryPoint\",\"urlTemplate\":\"https:\/\/propertyjournal.com.mx\/en\/?s={search_term_string}\"},\"query-input\":{\"@type\":\"PropertyValueSpecification\",\"valueRequired\":true,\"valueName\":\"search_term_string\"}}],\"inLanguage\":\"en-US\"},{\"@type\":\"Organization\",\"@id\":\"https:\/\/propertyjournal.com.mx\/en\/#organization\",\"name\":\"Property Journal\",\"url\":\"https:\/\/propertyjournal.com.mx\/en\/\",\"logo\":{\"@type\":\"ImageObject\",\"inLanguage\":\"en-US\",\"@id\":\"https:\/\/propertyjournal.com.mx\/en\/#\/schema\/logo\/image\/\",\"url\":\"https:\/\/propertyjournal.com.mx\/wp-content\/uploads\/2023\/04\/logo2-property-journal.png\",\"contentUrl\":\"https:\/\/propertyjournal.com.mx\/wp-content\/uploads\/2023\/04\/logo2-property-journal.png\",\"width\":380,\"height\":180,\"caption\":\"Property Journal\"},\"image\":{\"@id\":\"https:\/\/propertyjournal.com.mx\/en\/#\/schema\/logo\/image\/\"},\"sameAs\":[\"https:\/\/www.facebook.com\/propertyjournalmx\",\"https:\/\/www.instagram.com\/propertyjournalmx\/\"]},{\"@type\":\"Person\",\"@id\":\"https:\/\/propertyjournal.com.mx\/en\/#\/schema\/person\/ca6923a448dc0724eb4c1ccd2e9e8201\",\"name\":\"Property Journal\",\"image\":{\"@type\":\"ImageObject\",\"inLanguage\":\"en-US\",\"@id\":\"https:\/\/propertyjournal.com.mx\/wp-content\/litespeed\/avatar\/92a947da4e17221d7d35fe8c0373b90d.jpg?ver=1776936953\",\"url\":\"https:\/\/propertyjournal.com.mx\/wp-content\/litespeed\/avatar\/92a947da4e17221d7d35fe8c0373b90d.jpg?ver=1776936953\",\"contentUrl\":\"https:\/\/propertyjournal.com.mx\/wp-content\/litespeed\/avatar\/92a947da4e17221d7d35fe8c0373b90d.jpg?ver=1776936953\",\"caption\":\"Property Journal\"},\"url\":\"https:\/\/propertyjournal.com.mx\/en\/author\/camila\/\"}]}<\/script>\n<!-- \/ Yoast SEO Premium plugin. -->","yoast_head_json":{"title":"As\u00ed es la lujosa residencia de Rafa Nadal en Mallorca - Property Journal","description":"Ad\u00e9ntrate en la impresionante mansi\u00f3n de Rafa Nadal en Porto Cristo, Mallorca. Un hogar de lujo y privacidad junto al mar.","robots":{"index":"index","follow":"follow","max-snippet":"max-snippet:-1","max-image-preview":"max-image-preview:large","max-video-preview":"max-video-preview:-1"},"canonical":"https:\/\/propertyjournal.com.mx\/en\/asi-es-la-lujosa-residencia-de-rafa-nadal-en-mallorca\/","og_locale":"en_US","og_type":"article","og_title":"As\u00ed es la lujosa residencia de Rafa Nadal en Mallorca","og_description":"Ad\u00e9ntrate en la impresionante mansi\u00f3n de Rafa Nadal en Porto Cristo, Mallorca. Un hogar de lujo y privacidad junto al mar.","og_url":"https:\/\/propertyjournal.com.mx\/en\/asi-es-la-lujosa-residencia-de-rafa-nadal-en-mallorca\/","og_site_name":"Property Journal","article_publisher":"https:\/\/www.facebook.com\/propertyjournalmx","article_published_time":"2024-05-04T11:15:51+00:00","og_image":[{"width":871,"height":541,"url":"https:\/\/propertyjournal.com.mx\/wp-content\/uploads\/2024\/05\/casa-rafa-nadal-property-journal.jpg","type":"image\/jpeg"}],"author":"Property Journal","twitter_card":"summary_large_image","twitter_misc":{"Written by":"Property Journal","Est. reading time":"3 minutes"},"schema":{"@context":"https:\/\/schema.org","@graph":[{"@type":"Article","@id":"https:\/\/propertyjournal.com.mx\/asi-es-la-lujosa-residencia-de-rafa-nadal-en-mallorca\/#article","isPartOf":{"@id":"https:\/\/propertyjournal.com.mx\/asi-es-la-lujosa-residencia-de-rafa-nadal-en-mallorca\/"},"author":{"name":"Property Journal","@id":"https:\/\/propertyjournal.com.mx\/en\/#\/schema\/person\/ca6923a448dc0724eb4c1ccd2e9e8201"},"headline":"As\u00ed es la lujosa residencia de Rafa Nadal en Mallorca","datePublished":"2024-05-04T11:15:51+00:00","mainEntityOfPage":{"@id":"https:\/\/propertyjournal.com.mx\/asi-es-la-lujosa-residencia-de-rafa-nadal-en-mallorca\/"},"wordCount":423,"commentCount":0,"publisher":{"@id":"https:\/\/propertyjournal.com.mx\/en\/#organization"},"image":{"@id":"https:\/\/propertyjournal.com.mx\/asi-es-la-lujosa-residencia-de-rafa-nadal-en-mallorca\/#primaryimage"},"thumbnailUrl":"https:\/\/propertyjournal.com.mx\/wp-content\/uploads\/2024\/05\/casa-rafa-nadal-property-journal.jpg","keywords":["Rafa Nadal"],"articleSection":["Lifestyle"],"inLanguage":"en-US","potentialAction":[{"@type":"CommentAction","name":"Comment","target":["https:\/\/propertyjournal.com.mx\/asi-es-la-lujosa-residencia-de-rafa-nadal-en-mallorca\/#respond"]}]},{"@type":"WebPage","@id":"https:\/\/propertyjournal.com.mx\/asi-es-la-lujosa-residencia-de-rafa-nadal-en-mallorca\/","url":"https:\/\/propertyjournal.com.mx\/asi-es-la-lujosa-residencia-de-rafa-nadal-en-mallorca\/","name":"As\u00ed es la lujosa residencia de Rafa Nadal en Mallorca - Property Journal","isPartOf":{"@id":"https:\/\/propertyjournal.com.mx\/en\/#website"},"primaryImageOfPage":{"@id":"https:\/\/propertyjournal.com.mx\/asi-es-la-lujosa-residencia-de-rafa-nadal-en-mallorca\/#primaryimage"},"image":{"@id":"https:\/\/propertyjournal.com.mx\/asi-es-la-lujosa-residencia-de-rafa-nadal-en-mallorca\/#primaryimage"},"thumbnailUrl":"https:\/\/propertyjournal.com.mx\/wp-content\/uploads\/2024\/05\/casa-rafa-nadal-property-journal.jpg","datePublished":"2024-05-04T11:15:51+00:00","description":"Ad\u00e9ntrate en la impresionante mansi\u00f3n de Rafa Nadal en Porto Cristo, Mallorca. Un hogar de lujo y privacidad junto al mar.","breadcrumb":{"@id":"https:\/\/propertyjournal.com.mx\/asi-es-la-lujosa-residencia-de-rafa-nadal-en-mallorca\/#breadcrumb"},"inLanguage":"en-US","potentialAction":[{"@type":"ReadAction","target":["https:\/\/propertyjournal.com.mx\/asi-es-la-lujosa-residencia-de-rafa-nadal-en-mallorca\/"]}]},{"@type":"ImageObject","inLanguage":"en-US","@id":"https:\/\/propertyjournal.com.mx\/asi-es-la-lujosa-residencia-de-rafa-nadal-en-mallorca\/#primaryimage","url":"https:\/\/propertyjournal.com.mx\/wp-content\/uploads\/2024\/05\/casa-rafa-nadal-property-journal.jpg","contentUrl":"https:\/\/propertyjournal.com.mx\/wp-content\/uploads\/2024\/05\/casa-rafa-nadal-property-journal.jpg","width":871,"height":541,"caption":"casa-rafa-nadal-en-mallorca"},{"@type":"BreadcrumbList","@id":"https:\/\/propertyjournal.com.mx\/asi-es-la-lujosa-residencia-de-rafa-nadal-en-mallorca\/#breadcrumb","itemListElement":[{"@type":"ListItem","position":1,"name":"Home","item":"https:\/\/propertyjournal.com.mx\/"},{"@type":"ListItem","position":2,"name":"As\u00ed es la lujosa residencia de Rafa Nadal en Mallorca"}]},{"@type":"WebSite","@id":"https:\/\/propertyjournal.com.mx\/en\/#website","url":"https:\/\/propertyjournal.com.mx\/en\/","name":"Property Journal","description":"News Real Estate","publisher":{"@id":"https:\/\/propertyjournal.com.mx\/en\/#organization"},"potentialAction":[{"@type":"SearchAction","target":{"@type":"EntryPoint","urlTemplate":"https:\/\/propertyjournal.com.mx\/en\/?s={search_term_string}"},"query-input":{"@type":"PropertyValueSpecification","valueRequired":true,"valueName":"search_term_string"}}],"inLanguage":"en-US"},{"@type":"Organization","@id":"https:\/\/propertyjournal.com.mx\/en\/#organization","name":"Property Journal","url":"https:\/\/propertyjournal.com.mx\/en\/","logo":{"@type":"ImageObject","inLanguage":"en-US","@id":"https:\/\/propertyjournal.com.mx\/en\/#\/schema\/logo\/image\/","url":"https:\/\/propertyjournal.com.mx\/wp-content\/uploads\/2023\/04\/logo2-property-journal.png","contentUrl":"https:\/\/propertyjournal.com.mx\/wp-content\/uploads\/2023\/04\/logo2-property-journal.png","width":380,"height":180,"caption":"Property Journal"},"image":{"@id":"https:\/\/propertyjournal.com.mx\/en\/#\/schema\/logo\/image\/"},"sameAs":["https:\/\/www.facebook.com\/propertyjournalmx","https:\/\/www.instagram.com\/propertyjournalmx\/"]},{"@type":"Person","@id":"https:\/\/propertyjournal.com.mx\/en\/#\/schema\/person\/ca6923a448dc0724eb4c1ccd2e9e8201","name":"Property Journal","image":{"@type":"ImageObject","inLanguage":"en-US","@id":"https:\/\/propertyjournal.com.mx\/wp-content\/litespeed\/avatar\/92a947da4e17221d7d35fe8c0373b90d.jpg?ver=1776936953","url":"https:\/\/propertyjournal.com.mx\/wp-content\/litespeed\/avatar\/92a947da4e17221d7d35fe8c0373b90d.jpg?ver=1776936953","contentUrl":"https:\/\/propertyjournal.com.mx\/wp-content\/litespeed\/avatar\/92a947da4e17221d7d35fe8c0373b90d.jpg?ver=1776936953","caption":"Property Journal"},"url":"https:\/\/propertyjournal.com.mx\/en\/author\/camila\/"}]}},"_links":{"self":[{"href":"https:\/\/propertyjournal.com.mx\/en\/wp-json\/wp\/v2\/posts\/9332","targetHints":{"allow":["GET"]}}],"collection":[{"href":"https:\/\/propertyjournal.com.mx\/en\/wp-json\/wp\/v2\/posts"}],"about":[{"href":"https:\/\/propertyjournal.com.mx\/en\/wp-json\/wp\/v2\/types\/post"}],"author":[{"embeddable":true,"href":"https:\/\/propertyjournal.com.mx\/en\/wp-json\/wp\/v2\/users\/3"}],"replies":[{"embeddable":true,"href":"https:\/\/propertyjournal.com.mx\/en\/wp-json\/wp\/v2\/comments?post=9332"}],"version-history":[{"count":2,"href":"https:\/\/propertyjournal.com.mx\/en\/wp-json\/wp\/v2\/posts\/9332\/revisions"}],"predecessor-version":[{"id":9340,"href":"https:\/\/propertyjournal.com.mx\/en\/wp-json\/wp\/v2\/posts\/9332\/revisions\/9340"}],"wp:featuredmedia":[{"embeddable":true,"href":"https:\/\/propertyjournal.com.mx\/en\/wp-json\/wp\/v2\/media\/9335"}],"wp:attachment":[{"href":"https:\/\/propertyjournal.com.mx\/en\/wp-json\/wp\/v2\/media?parent=9332"}],"wp:term":[{"taxonomy":"category","embeddable":true,"href":"https:\/\/propertyjournal.com.mx\/en\/wp-json\/wp\/v2\/categories?post=9332"},{"taxonomy":"post_tag","embeddable":true,"href":"https:\/\/propertyjournal.com.mx\/en\/wp-json\/wp\/v2\/tags?post=9332"}],"curies":[{"name":"wp","href":"https:\/\/api.w.org\/{rel}","templated":true}]}}