{"id":9351,"date":"2024-05-05T21:34:53","date_gmt":"2024-05-05T21:34:53","guid":{"rendered":"https:\/\/propertyjournal.com.mx\/?p=9351"},"modified":"2024-05-06T12:05:47","modified_gmt":"2024-05-06T12:05:47","slug":"vallarta-pride-2024-talento-cultura-deporte-fiesta-y-visibilizacion","status":"publish","type":"post","link":"https:\/\/propertyjournal.com.mx\/en\/vallarta-pride-2024-talento-cultura-deporte-fiesta-y-visibilizacion\/","title":{"rendered":"Vallarta Pride 2024: Talent, Culture, Sports, Party and Visibility"},"content":{"rendered":"<p>Vallarta Pride 2024 is gearing up to be an unprecedented event, full of color, joy, and pride. This year, the celebration will take place from May 20th to 26th under the slogan \"Sun and Beach\", promising a display of talent, culture, sports, and visibility for the entire LGBTQI+ community.<\/p>\n\n\n\n<h2 class=\"wp-block-heading\" id=\"h-un-evento-para-recordar\">An Event to Remember<\/h2>\n\n\n\n<p>El a\u00f1o pasado, Vallarta Pride celebr\u00f3 su 10\u00ba aniversario con un \u00e9xito rotundo, superando todas las expectativas. Esta ser\u00e1 la tercera edici\u00f3n en la que la operaci\u00f3n la realiza aMi agencia, m\u00e1s all\u00e1 de llevar la direcci\u00f3n de marketing del evento, han operado el evento; apoyando al Comit\u00e9 Organizador, para cumplir con los requisitos de un Pride de talla internacional.<\/p>\n\n\n\n<h2 class=\"wp-block-heading\" id=\"h-un-calendario-lleno-de-actividades\">A Calendar Full of Activities<\/h2>\n\n\n\n<p>The Vallarta Pride 2024 calendar is packed with activities for all tastes. From the <strong>Pet Parade<\/strong> on May 20th to the <strong>art auction<\/strong> on May 26th, there will be something for everyone to enjoy.<\/p>\n\n\n\n<p><strong>Some of the highlights of the calendar include:<\/strong><\/p>\n\n\n\n<ul class=\"wp-block-list\">\n<li><strong>Pride Sun Festival:<\/strong> A three-day festival in L\u00e1zaro C\u00e1rdenas Park from May 23rd to 25th, with music, dancing, food, and much more.<\/li>\n\n\n\n<li><strong>Pink Dinner:<\/strong> A gala dinner at ALMAR Resorts on May 22nd to support a cause and enjoy a show with world-class artists.<\/li>\n\n\n\n<li><strong>Rainbow Pride:<\/strong> A 3k or 6k recreational race along the boardwalk on May 25th, open to the entire community.<\/li>\n\n\n\n<li><strong>Parade:<\/strong> The traditional parade through the streets of Puerto Vallarta on May 25th, with the theme \"Sun and Beach\".<\/li>\n\n\n\n<li><strong>Beach party:<\/strong> A party to dance to the rhythm of DJs on the seashore on May 25th.<\/li>\n<\/ul>\n\n\n\n<h2 class=\"wp-block-heading\" id=\"h-vallarta-pride-compromiso-con-la-comunidad\">Vallarta Pride: A Commitment to the Community<\/h2>\n\n\n\n<p>Vallarta Pride is not just a party, it is also a commitment to the LGBTQI+ community. This year, the organizing committee has made an effort to include all sectors of the community, including the deaf community, who will have the opportunity to enjoy conferences with sign language interpreters.<\/p>\n\n\n\n<h2 class=\"wp-block-heading\" id=\"h-un-evento-para-todos\">An Event for Everyone<\/h2>\n\n\n\n<p>Vallarta Pride 2024 is an event for everyone. No matter your age, sexual orientation, gender identity, or any other characteristic, you are welcome to join the celebration.<\/p>\n\n\n\n<p><strong>For more information:<\/strong><\/p>\n\n\n\n<ul class=\"wp-block-list\">\n<li>Visit the Vallarta Pride website: <a href=\"https:\/\/www.vallartapride.org\/\">https:\/\/www.vallartapride.org\/<\/a><br><\/li>\n\n\n\n<li>Follow Vallarta Pride on social media:\n<ul class=\"wp-block-list\">\n<li>Facebook: <a href=\"https:\/\/www.facebook.com\/orgullovallartapride\/\">https:\/\/www.facebook.com\/orgullovallartapride\/<\/a><\/li>\n\n\n\n<li>Instagram: <a href=\"https:\/\/www.instagram.com\/louiecastro\/p\/CwqlDm5SgAO\/\">https:\/\/www.instagram.com\/louiecastro\/p\/CwqlDm5SgAO\/<\/a><\/li>\n<\/ul>\n<\/li>\n<\/ul>\n\n\n\n<p><strong>Don't miss Vallarta Pride 2024!<\/strong><\/p>","protected":false},"excerpt":{"rendered":"<p>Vallarta Pride 2024 se prepara para ser un evento sin precedentes, lleno de color, alegr\u00eda y orgullo. Este a\u00f1o, la celebraci\u00f3n se llevar\u00e1 a cabo del 20 al 26 de mayo bajo el lema &#8220;Sol y Playa&#8221;, prometiendo un despliegue de talento, cultura, deporte y visibilizaci\u00f3n para toda la diversidad de la comunidad LGBTQI+. Un [&hellip;]<\/p>\n","protected":false},"author":3,"featured_media":9353,"comment_status":"open","ping_status":"open","sticky":false,"template":"","format":"standard","meta":{"_joinchat":[],"footnotes":""},"categories":[296],"tags":[491],"class_list":["post-9351","post","type-post","status-publish","format-standard","has-post-thumbnail","hentry","category-puerto-vallarta","tag-vallarta-pride"],"yoast_head":"<!-- This site is optimized with the Yoast SEO Premium plugin v20.8 (Yoast SEO v27.2) - https:\/\/yoast.com\/product\/yoast-seo-premium-wordpress\/ -->\n<title>Vallarta Pride 2024: Talento, Cultura, Deporte, Fiesta y Visibilizaci\u00f3n<\/title>\n<meta name=\"description\" content=\"Vallarta Pride 2024: m\u00fasica, baile, gastronom\u00eda, deporte y m\u00e1s. Un evento inclusivo para toda la comunidad LGBTQI+. Del 20 al 26 de mayo.\" \/>\n<meta name=\"robots\" content=\"index, follow, max-snippet:-1, max-image-preview:large, max-video-preview:-1\" \/>\n<link rel=\"canonical\" href=\"https:\/\/propertyjournal.com.mx\/en\/vallarta-pride-2024-talento-cultura-deporte-fiesta-y-visibilizacion\/\" \/>\n<meta property=\"og:locale\" content=\"en_US\" \/>\n<meta property=\"og:type\" content=\"article\" \/>\n<meta property=\"og:title\" content=\"Vallarta Pride 2024: Talento, Cultura, Deporte, Fiesta y Visibilizaci\u00f3n\" \/>\n<meta property=\"og:description\" content=\"Vallarta Pride 2024: m\u00fasica, baile, gastronom\u00eda, deporte y m\u00e1s. Un evento inclusivo para toda la comunidad LGBTQI+. Del 20 al 26 de mayo.\" \/>\n<meta property=\"og:url\" content=\"https:\/\/propertyjournal.com.mx\/en\/vallarta-pride-2024-talento-cultura-deporte-fiesta-y-visibilizacion\/\" \/>\n<meta property=\"og:site_name\" content=\"Property Journal\" \/>\n<meta property=\"article:publisher\" content=\"https:\/\/www.facebook.com\/propertyjournalmx\" \/>\n<meta property=\"article:published_time\" content=\"2024-05-05T21:34:53+00:00\" \/>\n<meta property=\"article:modified_time\" content=\"2024-05-06T12:05:47+00:00\" \/>\n<meta property=\"og:image\" content=\"https:\/\/propertyjournal.com.mx\/wp-content\/uploads\/2024\/05\/vallarta-pride-2024.jpg\" \/>\n\t<meta property=\"og:image:width\" content=\"871\" \/>\n\t<meta property=\"og:image:height\" content=\"541\" \/>\n\t<meta property=\"og:image:type\" content=\"image\/jpeg\" \/>\n<meta name=\"author\" content=\"Property Journal\" \/>\n<meta name=\"twitter:card\" content=\"summary_large_image\" \/>\n<meta name=\"twitter:label1\" content=\"Written by\" \/>\n\t<meta name=\"twitter:data1\" content=\"Property Journal\" \/>\n\t<meta name=\"twitter:label2\" content=\"Est. reading time\" \/>\n\t<meta name=\"twitter:data2\" content=\"2 minutes\" \/>\n<script type=\"application\/ld+json\" class=\"yoast-schema-graph\">{\"@context\":\"https:\/\/schema.org\",\"@graph\":[{\"@type\":\"Article\",\"@id\":\"https:\/\/propertyjournal.com.mx\/vallarta-pride-2024-talento-cultura-deporte-fiesta-y-visibilizacion\/#article\",\"isPartOf\":{\"@id\":\"https:\/\/propertyjournal.com.mx\/vallarta-pride-2024-talento-cultura-deporte-fiesta-y-visibilizacion\/\"},\"author\":{\"name\":\"Property Journal\",\"@id\":\"https:\/\/propertyjournal.com.mx\/en\/#\/schema\/person\/ca6923a448dc0724eb4c1ccd2e9e8201\"},\"headline\":\"Vallarta Pride 2024: Talento, Cultura, Deporte, Fiesta y Visibilizaci\u00f3n\",\"datePublished\":\"2024-05-05T21:34:53+00:00\",\"dateModified\":\"2024-05-06T12:05:47+00:00\",\"mainEntityOfPage\":{\"@id\":\"https:\/\/propertyjournal.com.mx\/vallarta-pride-2024-talento-cultura-deporte-fiesta-y-visibilizacion\/\"},\"wordCount\":437,\"commentCount\":0,\"publisher\":{\"@id\":\"https:\/\/propertyjournal.com.mx\/en\/#organization\"},\"image\":{\"@id\":\"https:\/\/propertyjournal.com.mx\/vallarta-pride-2024-talento-cultura-deporte-fiesta-y-visibilizacion\/#primaryimage\"},\"thumbnailUrl\":\"https:\/\/propertyjournal.com.mx\/wp-content\/uploads\/2024\/05\/vallarta-pride-2024.jpg\",\"keywords\":[\"Vallarta pride\"],\"articleSection\":[\"Puerto Vallarta \/ Nayarit\"],\"inLanguage\":\"en-US\",\"potentialAction\":[{\"@type\":\"CommentAction\",\"name\":\"Comment\",\"target\":[\"https:\/\/propertyjournal.com.mx\/vallarta-pride-2024-talento-cultura-deporte-fiesta-y-visibilizacion\/#respond\"]}]},{\"@type\":\"WebPage\",\"@id\":\"https:\/\/propertyjournal.com.mx\/vallarta-pride-2024-talento-cultura-deporte-fiesta-y-visibilizacion\/\",\"url\":\"https:\/\/propertyjournal.com.mx\/vallarta-pride-2024-talento-cultura-deporte-fiesta-y-visibilizacion\/\",\"name\":\"Vallarta Pride 2024: Talento, Cultura, Deporte, Fiesta y Visibilizaci\u00f3n\",\"isPartOf\":{\"@id\":\"https:\/\/propertyjournal.com.mx\/en\/#website\"},\"primaryImageOfPage\":{\"@id\":\"https:\/\/propertyjournal.com.mx\/vallarta-pride-2024-talento-cultura-deporte-fiesta-y-visibilizacion\/#primaryimage\"},\"image\":{\"@id\":\"https:\/\/propertyjournal.com.mx\/vallarta-pride-2024-talento-cultura-deporte-fiesta-y-visibilizacion\/#primaryimage\"},\"thumbnailUrl\":\"https:\/\/propertyjournal.com.mx\/wp-content\/uploads\/2024\/05\/vallarta-pride-2024.jpg\",\"datePublished\":\"2024-05-05T21:34:53+00:00\",\"dateModified\":\"2024-05-06T12:05:47+00:00\",\"description\":\"Vallarta Pride 2024: m\u00fasica, baile, gastronom\u00eda, deporte y m\u00e1s. Un evento inclusivo para toda la comunidad LGBTQI+. Del 20 al 26 de mayo.\",\"breadcrumb\":{\"@id\":\"https:\/\/propertyjournal.com.mx\/vallarta-pride-2024-talento-cultura-deporte-fiesta-y-visibilizacion\/#breadcrumb\"},\"inLanguage\":\"en-US\",\"potentialAction\":[{\"@type\":\"ReadAction\",\"target\":[\"https:\/\/propertyjournal.com.mx\/vallarta-pride-2024-talento-cultura-deporte-fiesta-y-visibilizacion\/\"]}]},{\"@type\":\"ImageObject\",\"inLanguage\":\"en-US\",\"@id\":\"https:\/\/propertyjournal.com.mx\/vallarta-pride-2024-talento-cultura-deporte-fiesta-y-visibilizacion\/#primaryimage\",\"url\":\"https:\/\/propertyjournal.com.mx\/wp-content\/uploads\/2024\/05\/vallarta-pride-2024.jpg\",\"contentUrl\":\"https:\/\/propertyjournal.com.mx\/wp-content\/uploads\/2024\/05\/vallarta-pride-2024.jpg\",\"width\":871,\"height\":541,\"caption\":\"vallarta-pride-2024\"},{\"@type\":\"BreadcrumbList\",\"@id\":\"https:\/\/propertyjournal.com.mx\/vallarta-pride-2024-talento-cultura-deporte-fiesta-y-visibilizacion\/#breadcrumb\",\"itemListElement\":[{\"@type\":\"ListItem\",\"position\":1,\"name\":\"Home\",\"item\":\"https:\/\/propertyjournal.com.mx\/\"},{\"@type\":\"ListItem\",\"position\":2,\"name\":\"Vallarta Pride 2024: Talento, Cultura, Deporte, Fiesta y Visibilizaci\u00f3n\"}]},{\"@type\":\"WebSite\",\"@id\":\"https:\/\/propertyjournal.com.mx\/en\/#website\",\"url\":\"https:\/\/propertyjournal.com.mx\/en\/\",\"name\":\"Property Journal\",\"description\":\"News Real Estate\",\"publisher\":{\"@id\":\"https:\/\/propertyjournal.com.mx\/en\/#organization\"},\"potentialAction\":[{\"@type\":\"SearchAction\",\"target\":{\"@type\":\"EntryPoint\",\"urlTemplate\":\"https:\/\/propertyjournal.com.mx\/en\/?s={search_term_string}\"},\"query-input\":{\"@type\":\"PropertyValueSpecification\",\"valueRequired\":true,\"valueName\":\"search_term_string\"}}],\"inLanguage\":\"en-US\"},{\"@type\":\"Organization\",\"@id\":\"https:\/\/propertyjournal.com.mx\/en\/#organization\",\"name\":\"Property Journal\",\"url\":\"https:\/\/propertyjournal.com.mx\/en\/\",\"logo\":{\"@type\":\"ImageObject\",\"inLanguage\":\"en-US\",\"@id\":\"https:\/\/propertyjournal.com.mx\/en\/#\/schema\/logo\/image\/\",\"url\":\"https:\/\/propertyjournal.com.mx\/wp-content\/uploads\/2023\/04\/logo2-property-journal.png\",\"contentUrl\":\"https:\/\/propertyjournal.com.mx\/wp-content\/uploads\/2023\/04\/logo2-property-journal.png\",\"width\":380,\"height\":180,\"caption\":\"Property Journal\"},\"image\":{\"@id\":\"https:\/\/propertyjournal.com.mx\/en\/#\/schema\/logo\/image\/\"},\"sameAs\":[\"https:\/\/www.facebook.com\/propertyjournalmx\",\"https:\/\/www.instagram.com\/propertyjournalmx\/\"]},{\"@type\":\"Person\",\"@id\":\"https:\/\/propertyjournal.com.mx\/en\/#\/schema\/person\/ca6923a448dc0724eb4c1ccd2e9e8201\",\"name\":\"Property Journal\",\"image\":{\"@type\":\"ImageObject\",\"inLanguage\":\"en-US\",\"@id\":\"https:\/\/propertyjournal.com.mx\/wp-content\/litespeed\/avatar\/92a947da4e17221d7d35fe8c0373b90d.jpg?ver=1776936953\",\"url\":\"https:\/\/propertyjournal.com.mx\/wp-content\/litespeed\/avatar\/92a947da4e17221d7d35fe8c0373b90d.jpg?ver=1776936953\",\"contentUrl\":\"https:\/\/propertyjournal.com.mx\/wp-content\/litespeed\/avatar\/92a947da4e17221d7d35fe8c0373b90d.jpg?ver=1776936953\",\"caption\":\"Property Journal\"},\"url\":\"https:\/\/propertyjournal.com.mx\/en\/author\/camila\/\"}]}<\/script>\n<!-- \/ Yoast SEO Premium plugin. -->","yoast_head_json":{"title":"Vallarta Pride 2024: Talent, Culture, Sports, Party and Visibility","description":"Vallarta Pride 2024: m\u00fasica, baile, gastronom\u00eda, deporte y m\u00e1s. Un evento inclusivo para toda la comunidad LGBTQI+. Del 20 al 26 de mayo.","robots":{"index":"index","follow":"follow","max-snippet":"max-snippet:-1","max-image-preview":"max-image-preview:large","max-video-preview":"max-video-preview:-1"},"canonical":"https:\/\/propertyjournal.com.mx\/en\/vallarta-pride-2024-talento-cultura-deporte-fiesta-y-visibilizacion\/","og_locale":"en_US","og_type":"article","og_title":"Vallarta Pride 2024: Talento, Cultura, Deporte, Fiesta y Visibilizaci\u00f3n","og_description":"Vallarta Pride 2024: m\u00fasica, baile, gastronom\u00eda, deporte y m\u00e1s. Un evento inclusivo para toda la comunidad LGBTQI+. Del 20 al 26 de mayo.","og_url":"https:\/\/propertyjournal.com.mx\/en\/vallarta-pride-2024-talento-cultura-deporte-fiesta-y-visibilizacion\/","og_site_name":"Property Journal","article_publisher":"https:\/\/www.facebook.com\/propertyjournalmx","article_published_time":"2024-05-05T21:34:53+00:00","article_modified_time":"2024-05-06T12:05:47+00:00","og_image":[{"width":871,"height":541,"url":"https:\/\/propertyjournal.com.mx\/wp-content\/uploads\/2024\/05\/vallarta-pride-2024.jpg","type":"image\/jpeg"}],"author":"Property Journal","twitter_card":"summary_large_image","twitter_misc":{"Written by":"Property Journal","Est. reading time":"2 minutes"},"schema":{"@context":"https:\/\/schema.org","@graph":[{"@type":"Article","@id":"https:\/\/propertyjournal.com.mx\/vallarta-pride-2024-talento-cultura-deporte-fiesta-y-visibilizacion\/#article","isPartOf":{"@id":"https:\/\/propertyjournal.com.mx\/vallarta-pride-2024-talento-cultura-deporte-fiesta-y-visibilizacion\/"},"author":{"name":"Property Journal","@id":"https:\/\/propertyjournal.com.mx\/en\/#\/schema\/person\/ca6923a448dc0724eb4c1ccd2e9e8201"},"headline":"Vallarta Pride 2024: Talento, Cultura, Deporte, Fiesta y Visibilizaci\u00f3n","datePublished":"2024-05-05T21:34:53+00:00","dateModified":"2024-05-06T12:05:47+00:00","mainEntityOfPage":{"@id":"https:\/\/propertyjournal.com.mx\/vallarta-pride-2024-talento-cultura-deporte-fiesta-y-visibilizacion\/"},"wordCount":437,"commentCount":0,"publisher":{"@id":"https:\/\/propertyjournal.com.mx\/en\/#organization"},"image":{"@id":"https:\/\/propertyjournal.com.mx\/vallarta-pride-2024-talento-cultura-deporte-fiesta-y-visibilizacion\/#primaryimage"},"thumbnailUrl":"https:\/\/propertyjournal.com.mx\/wp-content\/uploads\/2024\/05\/vallarta-pride-2024.jpg","keywords":["Vallarta pride"],"articleSection":["Puerto Vallarta \/ Nayarit"],"inLanguage":"en-US","potentialAction":[{"@type":"CommentAction","name":"Comment","target":["https:\/\/propertyjournal.com.mx\/vallarta-pride-2024-talento-cultura-deporte-fiesta-y-visibilizacion\/#respond"]}]},{"@type":"WebPage","@id":"https:\/\/propertyjournal.com.mx\/vallarta-pride-2024-talento-cultura-deporte-fiesta-y-visibilizacion\/","url":"https:\/\/propertyjournal.com.mx\/vallarta-pride-2024-talento-cultura-deporte-fiesta-y-visibilizacion\/","name":"Vallarta Pride 2024: Talent, Culture, Sports, Party and Visibility","isPartOf":{"@id":"https:\/\/propertyjournal.com.mx\/en\/#website"},"primaryImageOfPage":{"@id":"https:\/\/propertyjournal.com.mx\/vallarta-pride-2024-talento-cultura-deporte-fiesta-y-visibilizacion\/#primaryimage"},"image":{"@id":"https:\/\/propertyjournal.com.mx\/vallarta-pride-2024-talento-cultura-deporte-fiesta-y-visibilizacion\/#primaryimage"},"thumbnailUrl":"https:\/\/propertyjournal.com.mx\/wp-content\/uploads\/2024\/05\/vallarta-pride-2024.jpg","datePublished":"2024-05-05T21:34:53+00:00","dateModified":"2024-05-06T12:05:47+00:00","description":"Vallarta Pride 2024: m\u00fasica, baile, gastronom\u00eda, deporte y m\u00e1s. Un evento inclusivo para toda la comunidad LGBTQI+. Del 20 al 26 de mayo.","breadcrumb":{"@id":"https:\/\/propertyjournal.com.mx\/vallarta-pride-2024-talento-cultura-deporte-fiesta-y-visibilizacion\/#breadcrumb"},"inLanguage":"en-US","potentialAction":[{"@type":"ReadAction","target":["https:\/\/propertyjournal.com.mx\/vallarta-pride-2024-talento-cultura-deporte-fiesta-y-visibilizacion\/"]}]},{"@type":"ImageObject","inLanguage":"en-US","@id":"https:\/\/propertyjournal.com.mx\/vallarta-pride-2024-talento-cultura-deporte-fiesta-y-visibilizacion\/#primaryimage","url":"https:\/\/propertyjournal.com.mx\/wp-content\/uploads\/2024\/05\/vallarta-pride-2024.jpg","contentUrl":"https:\/\/propertyjournal.com.mx\/wp-content\/uploads\/2024\/05\/vallarta-pride-2024.jpg","width":871,"height":541,"caption":"vallarta-pride-2024"},{"@type":"BreadcrumbList","@id":"https:\/\/propertyjournal.com.mx\/vallarta-pride-2024-talento-cultura-deporte-fiesta-y-visibilizacion\/#breadcrumb","itemListElement":[{"@type":"ListItem","position":1,"name":"Home","item":"https:\/\/propertyjournal.com.mx\/"},{"@type":"ListItem","position":2,"name":"Vallarta Pride 2024: Talento, Cultura, Deporte, Fiesta y Visibilizaci\u00f3n"}]},{"@type":"WebSite","@id":"https:\/\/propertyjournal.com.mx\/en\/#website","url":"https:\/\/propertyjournal.com.mx\/en\/","name":"Property Journal","description":"News Real Estate","publisher":{"@id":"https:\/\/propertyjournal.com.mx\/en\/#organization"},"potentialAction":[{"@type":"SearchAction","target":{"@type":"EntryPoint","urlTemplate":"https:\/\/propertyjournal.com.mx\/en\/?s={search_term_string}"},"query-input":{"@type":"PropertyValueSpecification","valueRequired":true,"valueName":"search_term_string"}}],"inLanguage":"en-US"},{"@type":"Organization","@id":"https:\/\/propertyjournal.com.mx\/en\/#organization","name":"Property Journal","url":"https:\/\/propertyjournal.com.mx\/en\/","logo":{"@type":"ImageObject","inLanguage":"en-US","@id":"https:\/\/propertyjournal.com.mx\/en\/#\/schema\/logo\/image\/","url":"https:\/\/propertyjournal.com.mx\/wp-content\/uploads\/2023\/04\/logo2-property-journal.png","contentUrl":"https:\/\/propertyjournal.com.mx\/wp-content\/uploads\/2023\/04\/logo2-property-journal.png","width":380,"height":180,"caption":"Property Journal"},"image":{"@id":"https:\/\/propertyjournal.com.mx\/en\/#\/schema\/logo\/image\/"},"sameAs":["https:\/\/www.facebook.com\/propertyjournalmx","https:\/\/www.instagram.com\/propertyjournalmx\/"]},{"@type":"Person","@id":"https:\/\/propertyjournal.com.mx\/en\/#\/schema\/person\/ca6923a448dc0724eb4c1ccd2e9e8201","name":"Property Journal","image":{"@type":"ImageObject","inLanguage":"en-US","@id":"https:\/\/propertyjournal.com.mx\/wp-content\/litespeed\/avatar\/92a947da4e17221d7d35fe8c0373b90d.jpg?ver=1776936953","url":"https:\/\/propertyjournal.com.mx\/wp-content\/litespeed\/avatar\/92a947da4e17221d7d35fe8c0373b90d.jpg?ver=1776936953","contentUrl":"https:\/\/propertyjournal.com.mx\/wp-content\/litespeed\/avatar\/92a947da4e17221d7d35fe8c0373b90d.jpg?ver=1776936953","caption":"Property Journal"},"url":"https:\/\/propertyjournal.com.mx\/en\/author\/camila\/"}]}},"_links":{"self":[{"href":"https:\/\/propertyjournal.com.mx\/en\/wp-json\/wp\/v2\/posts\/9351","targetHints":{"allow":["GET"]}}],"collection":[{"href":"https:\/\/propertyjournal.com.mx\/en\/wp-json\/wp\/v2\/posts"}],"about":[{"href":"https:\/\/propertyjournal.com.mx\/en\/wp-json\/wp\/v2\/types\/post"}],"author":[{"embeddable":true,"href":"https:\/\/propertyjournal.com.mx\/en\/wp-json\/wp\/v2\/users\/3"}],"replies":[{"embeddable":true,"href":"https:\/\/propertyjournal.com.mx\/en\/wp-json\/wp\/v2\/comments?post=9351"}],"version-history":[{"count":3,"href":"https:\/\/propertyjournal.com.mx\/en\/wp-json\/wp\/v2\/posts\/9351\/revisions"}],"predecessor-version":[{"id":9357,"href":"https:\/\/propertyjournal.com.mx\/en\/wp-json\/wp\/v2\/posts\/9351\/revisions\/9357"}],"wp:featuredmedia":[{"embeddable":true,"href":"https:\/\/propertyjournal.com.mx\/en\/wp-json\/wp\/v2\/media\/9353"}],"wp:attachment":[{"href":"https:\/\/propertyjournal.com.mx\/en\/wp-json\/wp\/v2\/media?parent=9351"}],"wp:term":[{"taxonomy":"category","embeddable":true,"href":"https:\/\/propertyjournal.com.mx\/en\/wp-json\/wp\/v2\/categories?post=9351"},{"taxonomy":"post_tag","embeddable":true,"href":"https:\/\/propertyjournal.com.mx\/en\/wp-json\/wp\/v2\/tags?post=9351"}],"curies":[{"name":"wp","href":"https:\/\/api.w.org\/{rel}","templated":true}]}}